{"id":6193,"date":"2021-10-25T16:43:16","date_gmt":"2021-10-25T14:43:16","guid":{"rendered":"https:\/\/miritglas.com\/nyheter\/corona-skapar-efterfraagan-paa-kvartsglas\/"},"modified":"2025-11-19T12:48:14","modified_gmt":"2025-11-19T11:48:14","slug":"corona-skapar-efterfraagan-paa-kvartsglas","status":"publish","type":"post","link":"https:\/\/miritglas.com\/sv\/nyheter\/corona-skapar-efterfraagan-paa-kvartsglas\/","title":{"rendered":"Corona skapar efterfr\u00e5gan p\u00e5 kvartsglas"},"content":{"rendered":"\t\t<div data-elementor-type=\"wp-post\" data-elementor-id=\"6193\" class=\"elementor elementor-6193 elementor-1630\" data-elementor-post-type=\"post\">\n\t\t\t\t<div class=\"elementor-element elementor-element-4776f76 e-flex e-con-boxed e-con e-parent\" data-id=\"4776f76\" data-element_type=\"container\" data-e-type=\"container\">\n\t\t\t\t\t<div class=\"e-con-inner\">\n\t\t\t\t<div class=\"elementor-element elementor-element-7ee7b45 elementor-widget elementor-widget-text-editor\" data-id=\"7ee7b45\" data-element_type=\"widget\" data-e-type=\"widget\" data-widget_type=\"text-editor.default\">\n\t\t\t\t<div class=\"elementor-widget-container\">\n\t\t\t\t\t\t\t\t\t<p>Coronakrisen har satt kvartsglas i fokus eftersom UV-ljus anv\u00e4nds f\u00f6r att desinficera ytor fr\u00e5n COVID-19-viruset. Och h\u00e4r \u00e4r <a href=\"https:\/\/miritglas.com\/sv\/produkter\/kvartsglas\/\">kvartsglas<\/a> en viktig komponent.<\/p>\n<p>Medan vissa marknader har saktat ned p\u00e5 grund av coronakrisen, har Mirit Glas upplevt en \u00f6kad aktivitet inom bearbetning och f\u00f6rs\u00e4ljning av kvartsglas.<\/p>\n<p>Kvartsglas \u00e4r n\u00e4mligen det perfekta glaset n\u00e4r man vill desinficera med UV-ljus, eftersom den h\u00f6ga ljusgenomstr\u00f6mningen i kvartsglaset s\u00e4kerst\u00e4ller att UV-ljuset kan spridas \u00f6ver hela spektrumet.<\/p>\n\t\t\t\t\t\t\t\t<\/div>\n\t\t\t\t<\/div>\n\t\t\t\t<div class=\"elementor-element elementor-element-fe5c098 elementor-widget elementor-widget-image\" data-id=\"fe5c098\" data-element_type=\"widget\" data-e-type=\"widget\" data-widget_type=\"image.default\">\n\t\t\t\t<div class=\"elementor-widget-container\">\n\t\t\t\t\t\t\t\t\t\t\t\t<figure class=\"wp-caption\">\n\t\t\t\t\t\t\t\t\t\t<img fetchpriority=\"high\" decoding=\"async\" width=\"1028\" height=\"500\" src=\"https:\/\/miritglas.com\/wp-content\/uploads\/2021\/10\/uv-lys-some.jpeg\" class=\"attachment-1536x1536 size-1536x1536 wp-image-1635\" alt=\"\" srcset=\"https:\/\/miritglas.com\/wp-content\/uploads\/2021\/10\/uv-lys-some.jpeg 1028w, https:\/\/miritglas.com\/wp-content\/uploads\/2021\/10\/uv-lys-some-300x146.jpeg 300w, https:\/\/miritglas.com\/wp-content\/uploads\/2021\/10\/uv-lys-some-1024x498.jpeg 1024w, https:\/\/miritglas.com\/wp-content\/uploads\/2021\/10\/uv-lys-some-768x374.jpeg 768w\" sizes=\"(max-width: 1028px) 100vw, 1028px\" title=\"\">\t\t\t\t\t\t\t\t\t\t\t<figcaption class=\"widget-image-caption wp-caption-text\">Efter at forskere har fundet ud af, at Ultraviolet lys \u00f8del\u00e6gger COVID-19, er der kommet p\u00e5 kvartsglas, som bruges i UV-l\u00f8sninger.<\/figcaption>\n\t\t\t\t\t\t\t\t\t\t<\/figure>\n\t\t\t\t\t\t\t\t\t<\/div>\n\t\t\t\t<\/div>\n\t\t\t\t<div class=\"elementor-element elementor-element-6b07eba elementor-widget elementor-widget-text-editor\" data-id=\"6b07eba\" data-element_type=\"widget\" data-e-type=\"widget\" data-widget_type=\"text-editor.default\">\n\t\t\t\t<div class=\"elementor-widget-container\">\n\t\t\t\t\t\t\t\t\t<p>\u201dVi har erfarenhet av att bearbeta och leverera precis r\u00e4tt kvartsglas beroende p\u00e5 vad de ska anv\u00e4ndas till. Vi kan leverera b\u00e5de kvartsglasr\u00f6r och i stort sett alla andra typer av kvartsglas f\u00f6r professionella l\u00f6sningar,\u201d ber\u00e4ttar f\u00f6rs\u00e4ljningsansvarig Johan Stenfeldt Hansen.<\/p>\n<p>I k\u00f6lvattnet av coronaepidemin <a href=\"https:\/\/videnskab.dk\/krop-sundhed\/uv-straaling-draeber-coronavirus-paa-overflader-viser-nyt-amerikansk-studie\/\" target=\"_blank\" rel=\"noopener\">visade flera amerikanska studier att ultraviolett ljus kan f\u00f6rst\u00f6ra COVID-19-virusets proteinskal.<\/a><\/p>\n<p>D\u00e4rf\u00f6r har fokus \u00f6kat p\u00e5 att designa l\u00f6sningar som anv\u00e4nder UV-ljus f\u00f6r att desinficera ytor mot COVID-19-viruset.<\/p>\n<p>Mirit Glas har expertisen att leverera glaset till dessa l\u00f6sningar och \u00e4r d\u00e4rf\u00f6r leverant\u00f6r till flera nordiska projekt med UV-utrustning.<\/p>\n<p>Coronakrisen har inte bara inneburit ett \u00f6kat fokus p\u00e5 kvartsglas. Mirit Glas har ocks\u00e5 startat produktion av eleganta hygien\u00adsk\u00e4rmar som kan skydda till exempel receptionister och andra som dagligen m\u00f6ter m\u00e5nga m\u00e4nniskor i sitt arbete, mot Covid-19-viruset (och \u00e4ven andra sjukdomar som till exempel influensa).<\/p>\n<p>Mirit Glas ger r\u00e5dgivning om kvartsglas och kan tillverka kvartsglas \u2013 och kvartsglasr\u00f6r \u2013 som passar till n\u00e4stan vilken UV-l\u00f6sning som helst.<\/p>\n<p><a href=\"https:\/\/miritglas.com\/sv\/produkter\/kvartsglas\/\">L\u00e4s mer om kvartsglas h\u00e4r.<\/a><\/p>\n<p><strong>Specialtillverkat glas<\/strong><br \/>Mirit Glas \u00e4r specialister p\u00e5 specialtillverkning och bearbetning av glas. Utbudet av glas \u00e4r mycket bredare \u00e4n bara kvartsglas. Ursprungligen var glash\u00e4rdning v\u00e5r k\u00e4rnkompetens. Idag kan vi ge r\u00e5d om och s\u00e4lja i stort sett alla typer av glas. Vi \u00e4r s\u00e4rskilt skickliga p\u00e5 att tillverka glas d\u00e4r egenskaper och precision \u00e4r avg\u00f6rande.<\/p>\n\t\t\t\t\t\t\t\t<\/div>\n\t\t\t\t<\/div>\n\t\t\t\t\t<\/div>\n\t\t\t\t<\/div>\n\t\t\t\t<\/div>\n\t\t","protected":false},"excerpt":{"rendered":"<p>Coronakrisen har satt kvartsglas i fokus eftersom UV-ljus anv\u00e4nds f\u00f6r att desinficera ytor fr\u00e5n COVID-19-viruset. Och h\u00e4r \u00e4r kvartsglas en viktig komponent. Medan vissa marknader har saktat ned p\u00e5 grund av coronakrisen, har Mirit Glas upplevt en \u00f6kad aktivitet inom bearbetning och f\u00f6rs\u00e4ljning av kvartsglas. Kvartsglas \u00e4r n\u00e4mligen det perfekta glaset n\u00e4r man vill desinficera [&hellip;]<\/p>\n","protected":false},"author":1,"featured_media":0,"comment_status":"closed","ping_status":"closed","sticky":false,"template":"","format":"standard","meta":{"_acf_changed":false,"footnotes":""},"categories":[2],"tags":[],"class_list":["post-6193","post","type-post","status-publish","format-standard","hentry","category-nyheter"],"acf":[],"_links":{"self":[{"href":"https:\/\/miritglas.com\/sv\/wp-json\/wp\/v2\/posts\/6193","targetHints":{"allow":["GET"]}}],"collection":[{"href":"https:\/\/miritglas.com\/sv\/wp-json\/wp\/v2\/posts"}],"about":[{"href":"https:\/\/miritglas.com\/sv\/wp-json\/wp\/v2\/types\/post"}],"author":[{"embeddable":true,"href":"https:\/\/miritglas.com\/sv\/wp-json\/wp\/v2\/users\/1"}],"replies":[{"embeddable":true,"href":"https:\/\/miritglas.com\/sv\/wp-json\/wp\/v2\/comments?post=6193"}],"version-history":[{"count":1,"href":"https:\/\/miritglas.com\/sv\/wp-json\/wp\/v2\/posts\/6193\/revisions"}],"predecessor-version":[{"id":6194,"href":"https:\/\/miritglas.com\/sv\/wp-json\/wp\/v2\/posts\/6193\/revisions\/6194"}],"wp:attachment":[{"href":"https:\/\/miritglas.com\/sv\/wp-json\/wp\/v2\/media?parent=6193"}],"wp:term":[{"taxonomy":"category","embeddable":true,"href":"https:\/\/miritglas.com\/sv\/wp-json\/wp\/v2\/categories?post=6193"},{"taxonomy":"post_tag","embeddable":true,"href":"https:\/\/miritglas.com\/sv\/wp-json\/wp\/v2\/tags?post=6193"}],"curies":[{"name":"wp","href":"https:\/\/api.w.org\/{rel}","templated":true}]}}