{"id":6116,"date":"2021-09-08T16:36:56","date_gmt":"2021-09-08T14:36:56","guid":{"rendered":"https:\/\/miritglas.com\/nyheter\/flamtestat-och-krossat-glas-paa-foersvarsmaessa\/"},"modified":"2025-09-19T12:20:17","modified_gmt":"2025-09-19T10:20:17","slug":"flamtestat-och-krossat-glas-paa-foersvarsmaessa","status":"publish","type":"post","link":"https:\/\/miritglas.com\/sv\/nyheter\/flamtestat-och-krossat-glas-paa-foersvarsmaessa\/","title":{"rendered":"Flamtestat och krossat glas p\u00e5 f\u00f6rsvarsm\u00e4ssa"},"content":{"rendered":"\t\t<div data-elementor-type=\"wp-post\" data-elementor-id=\"6116\" class=\"elementor elementor-6116 elementor-1611\" data-elementor-post-type=\"post\">\n\t\t\t\t<div class=\"elementor-element elementor-element-2481e77 e-flex e-con-boxed e-con e-parent\" data-id=\"2481e77\" data-element_type=\"container\" data-e-type=\"container\">\n\t\t\t\t\t<div class=\"e-con-inner\">\n\t\t\t\t<div class=\"elementor-element elementor-element-24ff26d elementor-widget elementor-widget-text-editor\" data-id=\"24ff26d\" data-element_type=\"widget\" data-e-type=\"widget\" data-widget_type=\"text-editor.default\">\n\t\t\t\t<div class=\"elementor-widget-container\">\n\t\t\t\t\t\t\t\t\t<p><strong>Bland dr\u00f6nare, automatiska siktesystem, gummid\u00e4mpare till kanoner och intelligenta \u00f6ronproppar krossade och br\u00e4nde Mirit glas (n\u00e4r det var m\u00f6jligt) f\u00f6r att demonstrera hur anv\u00e4ndbart specialglas \u00e4r.<\/strong><\/p>\n<p>Mirit Glas hade n\u00e4mligen valt att delta i <a href=\"https:\/\/www.fmi.dk\/da\/nyheder\/2021\/fmi-industridag-2021-runder-af\/\" target=\"_blank\" rel=\"noopener\">FMI Industridag 2021<\/a>, tillsammans med 400 andra f\u00f6retag, hos F\u00f6rsvarets materiel- och ink\u00f6psstyrelse i Ballerup. Det st\u00f6rsta f\u00f6rsvarsindustriella evenemanget i Norden.<\/p>\n\t\t\t\t\t\t\t\t<\/div>\n\t\t\t\t<\/div>\n\t\t\t\t<div class=\"elementor-element elementor-element-265fbe4 elementor-widget elementor-widget-video\" data-id=\"265fbe4\" data-element_type=\"widget\" data-e-type=\"widget\" data-settings=\"{&quot;youtube_url&quot;:&quot;https:\\\/\\\/www.youtube.com\\\/watch?v=E6qiMzg7m-I&quot;,&quot;yt_privacy&quot;:&quot;yes&quot;,&quot;lazy_load&quot;:&quot;yes&quot;,&quot;show_image_overlay&quot;:&quot;yes&quot;,&quot;image_overlay&quot;:{&quot;url&quot;:&quot;https:\\\/\\\/miritglas.com\\\/wp-content\\\/uploads\\\/2021\\\/09\\\/E6qiMzg7m.jpeg&quot;,&quot;id&quot;:1616,&quot;size&quot;:&quot;&quot;,&quot;alt&quot;:&quot;&quot;,&quot;source&quot;:&quot;library&quot;},&quot;video_type&quot;:&quot;youtube&quot;,&quot;controls&quot;:&quot;yes&quot;}\" data-widget_type=\"video.default\">\n\t\t\t\t<div class=\"elementor-widget-container\">\n\t\t\t\t\t\t\t<div class=\"elementor-wrapper elementor-open-inline\">\n\t\t\t<div class=\"elementor-video\"><\/div>\t\t\t\t<div class=\"elementor-custom-embed-image-overlay\" style=\"background-image: url(https:\/\/miritglas.com\/wp-content\/uploads\/2021\/09\/E6qiMzg7m.jpeg);\">\n\t\t\t\t\t\t\t\t\t\t\t\t\t\t\t\t<div class=\"elementor-custom-embed-play\" role=\"button\" aria-label=\"Spela videoklipp\" tabindex=\"0\">\n\t\t\t\t\t\t\t<svg aria-hidden=\"true\" class=\"e-font-icon-svg e-eicon-play\" viewBox=\"0 0 1000 1000\" xmlns=\"http:\/\/www.w3.org\/2000\/svg\"><path d=\"M838 162C746 71 633 25 500 25 371 25 258 71 163 162 71 254 25 367 25 500 25 633 71 746 163 837 254 929 367 979 500 979 633 979 746 933 838 837 929 746 975 633 975 500 975 367 929 254 838 162M808 192C892 279 933 379 933 500 933 621 892 725 808 808 725 892 621 938 500 938 379 938 279 896 196 808 113 725 67 621 67 500 67 379 108 279 196 192 279 108 383 62 500 62 621 62 721 108 808 192M438 392V642L642 517 438 392Z\"><\/path><\/svg>\t\t\t\t\t\t<\/div>\n\t\t\t\t\t\t\t\t\t<\/div>\n\t\t\t\t\t<\/div>\n\t\t\t\t\t\t<\/div>\n\t\t\t\t<\/div>\n\t\t\t\t<div class=\"elementor-element elementor-element-1b71c06 elementor-widget elementor-widget-text-editor\" data-id=\"1b71c06\" data-element_type=\"widget\" data-e-type=\"widget\" data-widget_type=\"text-editor.default\">\n\t\t\t\t<div class=\"elementor-widget-container\">\n\t\t\t\t\t\t\t\t\t<p>\u201dVi \u00e4r inte h\u00e4r f\u00f6r att vi dr\u00f6mmer om ett gyllene f\u00f6rsvarskontrakt,\u201d erk\u00e4nner f\u00f6rs\u00e4ljningsansvarig Johan Stenfeldt Hansen och forts\u00e4tter:<\/p>\n<p>\u201dVi \u00e4r h\u00e4r fr\u00e4mst f\u00f6r att n\u00e4tverka. F\u00f6r oss \u00e4r m\u00e4ssan ett bra st\u00e4lle att visa att vi kan leverera glas med s\u00e4rskilda egenskaper. I det ljuset \u00e4r FMI Industridag en bra plats att vara p\u00e5. Vi har det gemensamt med de andra utst\u00e4llarna h\u00e4r att vi levererar speciall\u00f6sningar som \u00e4r anpassade till uppgiften. Faktiskt \u00e4r flera av v\u00e5ra befintliga kunder och flera potentiella kunder utst\u00e4llare h\u00e4r p\u00e5 m\u00e4ssan.\u201d<\/p>\n<p>P\u00e5 m\u00e4ssan deltog \u00e4ven Mirit Glas produktionschef Keld Lauridsen och f\u00f6rs\u00e4ljningsansvarig Johan Stenfeldt Hansen. D\u00e4r visade de glas som kunde motst\u00e5 stora temperaturskillnader och demonstrerade vilken stor skillnad det \u00e4r i styrka mellan <a href=\"https:\/\/miritglas.com\/sv\/produkter\/floatglas\/\">vanligt glas<\/a>, <a href=\"https:\/\/miritglas.com\/sv\/produkter\/hardat-glas\/\">h\u00e4rdat glas<\/a> och <a href=\"https:\/\/miritglas.com\/sv\/produkter\/kemiskt-haerdat-glas\/\">Kemirit<\/a>, som \u00e4r Mirit Glas version av extra starkt kemiskt h\u00e4rdat glas.<\/p>\n<p>M\u00e4ssbes\u00f6karna fick sj\u00e4lva f\u00f6rs\u00f6ka krossa glaset \u2013 om de kunde. Flera fick ge upp inf\u00f6r det 2 mm tunna Kemirit, som kr\u00e4ver ett tryck p\u00e5 mer \u00e4n 50 kg f\u00f6r att g\u00e5 s\u00f6nder.<\/p>\n<p>B\u00e5de milit\u00e4rfolk och representanter fr\u00e5n de deltagande industrierna bes\u00f6kte Mirit Glas monter f\u00f6r att tala om glas och f\u00e5 demonstrerat att r\u00e4tt glas kan g\u00f6ra en bra l\u00f6sning \u00e4nnu b\u00e4ttre.<\/p>\n<p>FMI Industridag 2021 \u00e4r en del av f\u00f6rsvarets <em>Open For Business<\/em>-strategi, som handlar om att st\u00f6dja danska f\u00f6retag och danska l\u00f6sningar. M\u00e4ssan startade 2012 och har vuxit sedan dess.<\/p>\n\t\t\t\t\t\t\t\t<\/div>\n\t\t\t\t<\/div>\n\t\t\t\t<div class=\"elementor-element elementor-element-a772263 elementor-widget elementor-widget-image\" data-id=\"a772263\" data-element_type=\"widget\" data-e-type=\"widget\" data-widget_type=\"image.default\">\n\t\t\t\t<div class=\"elementor-widget-container\">\n\t\t\t\t\t\t\t\t\t\t\t\t<figure class=\"wp-caption\">\n\t\t\t\t\t\t\t\t\t\t<img fetchpriority=\"high\" decoding=\"async\" width=\"1536\" height=\"807\" src=\"https:\/\/miritglas.com\/wp-content\/uploads\/2021\/09\/smadret-glas-fmi-1536x807.jpg\" class=\"attachment-1536x1536 size-1536x1536 wp-image-1623\" alt=\"\" srcset=\"https:\/\/miritglas.com\/wp-content\/uploads\/2021\/09\/smadret-glas-fmi-1536x807.jpg 1536w, https:\/\/miritglas.com\/wp-content\/uploads\/2021\/09\/smadret-glas-fmi-300x158.jpg 300w, https:\/\/miritglas.com\/wp-content\/uploads\/2021\/09\/smadret-glas-fmi-1024x538.jpg 1024w, https:\/\/miritglas.com\/wp-content\/uploads\/2021\/09\/smadret-glas-fmi-768x403.jpg 768w, https:\/\/miritglas.com\/wp-content\/uploads\/2021\/09\/smadret-glas-fmi-2048x1076.jpg 2048w\" sizes=\"(max-width: 1536px) 100vw, 1536px\" title=\"\">\t\t\t\t\t\t\t\t\t\t\t<figcaption class=\"widget-image-caption wp-caption-text\">Der blev smadret en del glas p\u00e5 FMI Industridag, hvor Mirit Glas lod messeg\u00e6sterne afpr\u00f8ve forskellen p\u00e5 almindeligt og h\u00e6rdet glas.<\/figcaption>\n\t\t\t\t\t\t\t\t\t\t<\/figure>\n\t\t\t\t\t\t\t\t\t<\/div>\n\t\t\t\t<\/div>\n\t\t\t\t<div class=\"elementor-element elementor-element-624b955 elementor-widget elementor-widget-text-editor\" data-id=\"624b955\" data-element_type=\"widget\" data-e-type=\"widget\" data-widget_type=\"text-editor.default\">\n\t\t\t\t<div class=\"elementor-widget-container\">\n\t\t\t\t\t\t\t\t\t<p>Det var f\u00f6rsta g\u00e5ngen Mirit Glas valde att delta p\u00e5 industridagen hos F\u00f6rsvarets materiel- och ink\u00f6psstyrelse.<br \/>\u201dF\u00f6r oss \u00e4r det helt logiskt att st\u00e5 h\u00e4r och krossa glas,\u201d s\u00e4ger Johan Stenfeldt Hansen med ett leende.<\/p>\n<p>\u201dOm vi ska vara \u00e4rliga, s\u00e5 finns det inte m\u00e5nga l\u00f6sningar som best\u00e5r till 100 procent av glas. Verkligheten \u00e4r att vi oftast \u00e4r tredjepartsleverant\u00f6r till andra speciall\u00f6sningar \u2013 ofta h\u00f6gteknologiska l\u00f6sningar. Genom att vara n\u00e4rvarande med v\u00e5rt \u2019lilla glascirkus\u2019 h\u00e4r p\u00e5 m\u00e4ssan f\u00e5r vi m\u00f6jlighet att komma i dialog med m\u00f6jliga samarbetspartners och visa dem att r\u00e4tt glas ocks\u00e5 \u00e4r en teknologisk l\u00f6sning.\u201d<\/p>\n<p>F\u00f6r Mirit Glas \u00e4r det viktigt att ber\u00e4tta att f\u00f6retaget sedan 1952 har producerat och levererat glas som \u00e4r anpassat till kundernas l\u00f6sningar.<\/p>\n<p>\u201dAtt vi har funnits sedan 1952 betyder inte att vi har gjort samma glas i 70 \u00e5r. Det betyder att vi har utvecklats tillsammans med v\u00e5ra kunder i 70 \u00e5r. N\u00e4r vi producerade h\u00e4rdat glas f\u00f6r att s\u00e4tta framf\u00f6r tv-apparater 1952 var det d\u00e5tidens avancerade glasl\u00f6sning. I dag har vi g\u00e5tt vidare och levererar glas till allt fr\u00e5n avancerade l\u00f6sningar f\u00f6r offshore-industrin till specialglas f\u00f6r elektronik-, medicin- och livsmedelsindustrin. Det inneb\u00e4r ocks\u00e5 glas som anv\u00e4nds inom f\u00f6rsvarsindustrin,\u201d understryker Johan Stenfeldt Hansen.<\/p>\n<p style=\"text-align: center;\"><em>Sedan starten 1952 har Mirit Glas levererat glas till n\u00e4ringslivet. F\u00f6rst var det h\u00e4rdat glas som skyddade tidens tv-apparater. Sedan 50-talet har Mirit Glas ut\u00f6kat sina kompetenser f\u00f6r att kunna leverera alla typer av glas som efterfr\u00e5gas i n\u00e4ringslivet \u2013 oavsett om det handlar om anv\u00e4ndning i produktionsprocesser eller avancerade l\u00f6sningar d\u00e4r glaset m\u00e5ste ha s\u00e4rskilda egenskaper.<\/em><\/p>\n<p><\/p>\n<p style=\"text-align: center;\"><em>I dag \u00e4r Mirit Glas ett orderproducerande service- och handelsf\u00f6retag <\/em><em>som tillverkar och levererar glas b\u00e5de i stora serier och i mycket sm\u00e5 enstaka stycken.<\/em><\/p>\n<p><\/p>\n<p style=\"text-align: center;\"><em>Vi levererar ett brett sortiment av glasprodukter, alla tillverkade efter order. Samtidigt har vi ocks\u00e5 ett av Danmarks mest v\u00e4lsorterade r\u00e5varulager.<\/em><\/p>\n\t\t\t\t\t\t\t\t<\/div>\n\t\t\t\t<\/div>\n\t\t\t\t\t<\/div>\n\t\t\t\t<\/div>\n\t\t\t\t<\/div>\n\t\t","protected":false},"excerpt":{"rendered":"<p>Bland dr\u00f6nare, automatiska siktesystem, gummid\u00e4mpare till kanoner och intelligenta \u00f6ronproppar krossade och br\u00e4nde Mirit glas (n\u00e4r det var m\u00f6jligt) f\u00f6r att demonstrera hur anv\u00e4ndbart specialglas \u00e4r. Mirit Glas hade n\u00e4mligen valt att delta i FMI Industridag 2021, tillsammans med 400 andra f\u00f6retag, hos F\u00f6rsvarets materiel- och ink\u00f6psstyrelse i Ballerup. Det st\u00f6rsta f\u00f6rsvarsindustriella evenemanget i Norden. [&hellip;]<\/p>\n","protected":false},"author":1,"featured_media":0,"comment_status":"closed","ping_status":"closed","sticky":false,"template":"","format":"standard","meta":{"_acf_changed":false,"footnotes":""},"categories":[2],"tags":[],"class_list":["post-6116","post","type-post","status-publish","format-standard","hentry","category-nyheter"],"acf":[],"_links":{"self":[{"href":"https:\/\/miritglas.com\/sv\/wp-json\/wp\/v2\/posts\/6116","targetHints":{"allow":["GET"]}}],"collection":[{"href":"https:\/\/miritglas.com\/sv\/wp-json\/wp\/v2\/posts"}],"about":[{"href":"https:\/\/miritglas.com\/sv\/wp-json\/wp\/v2\/types\/post"}],"author":[{"embeddable":true,"href":"https:\/\/miritglas.com\/sv\/wp-json\/wp\/v2\/users\/1"}],"replies":[{"embeddable":true,"href":"https:\/\/miritglas.com\/sv\/wp-json\/wp\/v2\/comments?post=6116"}],"version-history":[{"count":1,"href":"https:\/\/miritglas.com\/sv\/wp-json\/wp\/v2\/posts\/6116\/revisions"}],"predecessor-version":[{"id":6117,"href":"https:\/\/miritglas.com\/sv\/wp-json\/wp\/v2\/posts\/6116\/revisions\/6117"}],"wp:attachment":[{"href":"https:\/\/miritglas.com\/sv\/wp-json\/wp\/v2\/media?parent=6116"}],"wp:term":[{"taxonomy":"category","embeddable":true,"href":"https:\/\/miritglas.com\/sv\/wp-json\/wp\/v2\/categories?post=6116"},{"taxonomy":"post_tag","embeddable":true,"href":"https:\/\/miritglas.com\/sv\/wp-json\/wp\/v2\/tags?post=6116"}],"curies":[{"name":"wp","href":"https:\/\/api.w.org\/{rel}","templated":true}]}}