{"id":3613,"date":"2019-06-18T14:38:48","date_gmt":"2019-06-18T12:38:48","guid":{"rendered":"https:\/\/miritglas.com\/nyheter-sverige\/mirit-satsar-paa-fort-och-vidareutbildning\/"},"modified":"2024-02-20T12:22:31","modified_gmt":"2024-02-20T11:22:31","slug":"mirit-satsar-paa-fort-och-vidareutbildning","status":"publish","type":"post","link":"https:\/\/miritglas.com\/sv\/nyheter\/mirit-satsar-paa-fort-och-vidareutbildning\/","title":{"rendered":"Mirit satsar p\u00e5 fort- och vidareutbildning"},"content":{"rendered":"\t\t<div data-elementor-type=\"wp-post\" data-elementor-id=\"3613\" class=\"elementor elementor-3613 elementor-1400\" data-elementor-post-type=\"post\">\n\t\t\t\t<div class=\"elementor-element elementor-element-0653a38 e-flex e-con-boxed e-con e-parent\" data-id=\"0653a38\" data-element_type=\"container\" data-e-type=\"container\">\n\t\t\t\t\t<div class=\"e-con-inner\">\n\t\t\t\t<div class=\"elementor-element elementor-element-36e8df6 elementor-widget elementor-widget-text-editor\" data-id=\"36e8df6\" data-element_type=\"widget\" data-e-type=\"widget\" data-widget_type=\"text-editor.default\">\n\t\t\t\t<div class=\"elementor-widget-container\">\n\t\t\t\t\t\t\t\t\t<h4>Mirit Glas har f\u00e5tt et nytt syn p\u00e5 utdanning<\/h4>\n<p><em><strong>[Denna nyhet \u00e4r fr\u00e5n 2018 och projektet &#8221;Framtidens Arbetskraft&#8221; finns inte l\u00e4ngre]<\/strong><\/em><\/p>\n<p>Produksjonssjef Keld Lauridsen st\u00e5r i spissen for ni medarbeidere i Vojens, Danmark og han merker at kunder i olje- og gassindustrien, legemiddelindustrien og andre bransjer stiller stadig strengere krav til dokumentasjon, b\u00e5de n\u00e5r det gjelder produktkvalitet og medarbeiderkompetanse.<\/p>\n<p>Det satte i gang tanker i en bedrift som inntil 2015 ikke hadde hatt for vane \u00e5 sende medarbeidere p\u00e5 kurs og etterutdanning. Men det endret seg, og siden har bedriften mottatt utmerkelser b\u00e5de lokalt og nasjonalt for sin store innsats p\u00e5 etterutdanning. Mirit Glas deltar n\u00e5 i utviklingsprosjektet \u00abFremtidens Arbejdskraft\u00bb, som har til form\u00e5l \u00e5 styrke utdanningsniv\u00e5et i sm\u00e5 og mellomstore bedrifter i Region Syddanmark. M\u00e5let med prosjektet er at flere g\u00e5r fra ufagl\u00e6rt til fagl\u00e6rt, og fra fagl\u00e6rt til spesialistniv\u00e5.<\/p>\n\t\t\t\t\t\t\t\t<\/div>\n\t\t\t\t<\/div>\n\t\t\t\t<div class=\"elementor-element elementor-element-36144df elementor-widget elementor-widget-video\" data-id=\"36144df\" data-element_type=\"widget\" data-e-type=\"widget\" data-settings=\"{&quot;youtube_url&quot;:&quot;https:\\\/\\\/www.youtube.com\\\/watch?v=QUAXefP6ldk&quot;,&quot;show_image_overlay&quot;:&quot;yes&quot;,&quot;image_overlay&quot;:{&quot;url&quot;:&quot;https:\\\/\\\/miritglas.com\\\/wp-content\\\/uploads\\\/2023\\\/08\\\/QUAXefP6ldk.jpeg&quot;,&quot;id&quot;:1405,&quot;size&quot;:&quot;&quot;,&quot;alt&quot;:&quot;&quot;,&quot;source&quot;:&quot;library&quot;},&quot;video_type&quot;:&quot;youtube&quot;,&quot;controls&quot;:&quot;yes&quot;}\" data-widget_type=\"video.default\">\n\t\t\t\t<div class=\"elementor-widget-container\">\n\t\t\t\t\t\t\t<div class=\"elementor-wrapper elementor-open-inline\">\n\t\t\t<div class=\"elementor-video\"><\/div>\t\t\t\t<div class=\"elementor-custom-embed-image-overlay\" style=\"background-image: url(https:\/\/miritglas.com\/wp-content\/uploads\/2023\/08\/QUAXefP6ldk.jpeg);\">\n\t\t\t\t\t\t\t\t\t\t\t\t\t\t\t\t<div class=\"elementor-custom-embed-play\" role=\"button\" aria-label=\"Spela videoklipp\" tabindex=\"0\">\n\t\t\t\t\t\t\t<svg aria-hidden=\"true\" class=\"e-font-icon-svg e-eicon-play\" viewBox=\"0 0 1000 1000\" xmlns=\"http:\/\/www.w3.org\/2000\/svg\"><path d=\"M838 162C746 71 633 25 500 25 371 25 258 71 163 162 71 254 25 367 25 500 25 633 71 746 163 837 254 929 367 979 500 979 633 979 746 933 838 837 929 746 975 633 975 500 975 367 929 254 838 162M808 192C892 279 933 379 933 500 933 621 892 725 808 808 725 892 621 938 500 938 379 938 279 896 196 808 113 725 67 621 67 500 67 379 108 279 196 192 279 108 383 62 500 62 621 62 721 108 808 192M438 392V642L642 517 438 392Z\"><\/path><\/svg>\t\t\t\t\t\t<\/div>\n\t\t\t\t\t\t\t\t\t<\/div>\n\t\t\t\t\t<\/div>\n\t\t\t\t\t\t<\/div>\n\t\t\t\t<\/div>\n\t\t\t\t<div class=\"elementor-element elementor-element-09ef1bf elementor-widget elementor-widget-text-editor\" data-id=\"09ef1bf\" data-element_type=\"widget\" data-e-type=\"widget\" data-widget_type=\"text-editor.default\">\n\t\t\t\t<div class=\"elementor-widget-container\">\n\t\t\t\t\t\t\t\t\t<h4>Kompetanseanalyse<\/h4>\n<p>Som et ledd i prosjektet gjennomgikk alle medarbeiderne en kompetanseanalyse 2015, og den ble gjentatt p\u00e5 v\u00e5ren 2018 da vi hadde ansatt fem nye medarbeidere. Resultatet ble at tre medarbeidere begynte p\u00e5 videreg\u00e5ende voksenutdanning (VVU) og \u00e9n ble voksenl\u00e6rling.<\/p>\n<p>En ting vi har l\u00e6rt av \u00abFremtidens Arbejdskraft\u00bb, er viktigheten av \u00e5 holde p\u00e5 medarbeidere med erfaring og l\u00f8pende kunnskapsutvikling. Da Mirit Glas nylig fors\u00f8kte \u00e5 finne en kvalifisert medarbeider, hadde bare to av 270 s\u00f8kere relevant kompetanse p\u00e5 CNC-styrte maskiner.<\/p>\n<p>Du kan lese mer om Mirit Glas og historien v\u00e5r ved \u00e5 klikke nedenfor.<\/p>\n\t\t\t\t\t\t\t\t<\/div>\n\t\t\t\t<\/div>\n\t\t\t\t<div class=\"elementor-element elementor-element-ff9dbc9 elementor-widget elementor-widget-button\" data-id=\"ff9dbc9\" data-element_type=\"widget\" data-e-type=\"widget\" data-widget_type=\"button.default\">\n\t\t\t\t<div class=\"elementor-widget-container\">\n\t\t\t\t\t\t\t\t\t<div class=\"elementor-button-wrapper\">\n\t\t\t\t\t<a class=\"elementor-button elementor-button-link elementor-size-md\" href=\"https:\/\/miritglas.com\/sv\/kontakta-oss\/\">\n\t\t\t\t\t\t<span class=\"elementor-button-content-wrapper\">\n\t\t\t\t\t\t\t\t\t<span class=\"elementor-button-text\">Kontakta oss idag<\/span>\n\t\t\t\t\t<\/span>\n\t\t\t\t\t<\/a>\n\t\t\t\t<\/div>\n\t\t\t\t\t\t\t\t<\/div>\n\t\t\t\t<\/div>\n\t\t\t\t\t<\/div>\n\t\t\t\t<\/div>\n\t\t\t\t<\/div>\n\t\t","protected":false},"excerpt":{"rendered":"<p>Mirit Glas har f\u00e5tt et nytt syn p\u00e5 utdanning [Denna nyhet \u00e4r fr\u00e5n 2018 och projektet &#8221;Framtidens Arbetskraft&#8221; finns inte l\u00e4ngre] Produksjonssjef Keld Lauridsen st\u00e5r i spissen for ni medarbeidere i Vojens, Danmark og han merker at kunder i olje- og gassindustrien, legemiddelindustrien og andre bransjer stiller stadig strengere krav til dokumentasjon, b\u00e5de n\u00e5r det [&hellip;]<\/p>\n","protected":false},"author":1,"featured_media":0,"comment_status":"closed","ping_status":"closed","sticky":false,"template":"","format":"standard","meta":{"_acf_changed":false,"footnotes":""},"categories":[2],"tags":[],"class_list":["post-3613","post","type-post","status-publish","format-standard","hentry","category-nyheter"],"acf":[],"_links":{"self":[{"href":"https:\/\/miritglas.com\/sv\/wp-json\/wp\/v2\/posts\/3613","targetHints":{"allow":["GET"]}}],"collection":[{"href":"https:\/\/miritglas.com\/sv\/wp-json\/wp\/v2\/posts"}],"about":[{"href":"https:\/\/miritglas.com\/sv\/wp-json\/wp\/v2\/types\/post"}],"author":[{"embeddable":true,"href":"https:\/\/miritglas.com\/sv\/wp-json\/wp\/v2\/users\/1"}],"replies":[{"embeddable":true,"href":"https:\/\/miritglas.com\/sv\/wp-json\/wp\/v2\/comments?post=3613"}],"version-history":[{"count":2,"href":"https:\/\/miritglas.com\/sv\/wp-json\/wp\/v2\/posts\/3613\/revisions"}],"predecessor-version":[{"id":4469,"href":"https:\/\/miritglas.com\/sv\/wp-json\/wp\/v2\/posts\/3613\/revisions\/4469"}],"wp:attachment":[{"href":"https:\/\/miritglas.com\/sv\/wp-json\/wp\/v2\/media?parent=3613"}],"wp:term":[{"taxonomy":"category","embeddable":true,"href":"https:\/\/miritglas.com\/sv\/wp-json\/wp\/v2\/categories?post=3613"},{"taxonomy":"post_tag","embeddable":true,"href":"https:\/\/miritglas.com\/sv\/wp-json\/wp\/v2\/tags?post=3613"}],"curies":[{"name":"wp","href":"https:\/\/api.w.org\/{rel}","templated":true}]}}