{"id":3606,"date":"2019-07-01T14:48:26","date_gmt":"2019-07-01T12:48:26","guid":{"rendered":"https:\/\/miritglas.com\/nyheter-sverige\/mirit-har-vaextvaerk-och-flyttar-till-nya-lokaler\/"},"modified":"2023-10-31T16:16:51","modified_gmt":"2023-10-31T15:16:51","slug":"mirit-har-vaxtvark-och-flyttar-till-nya-lokaler","status":"publish","type":"post","link":"https:\/\/miritglas.com\/sv\/nyheter\/mirit-har-vaxtvark-och-flyttar-till-nya-lokaler\/","title":{"rendered":"Mirit har v\u00e4xtv\u00e4rk och flyttar till nya lokaler"},"content":{"rendered":"\t\t<div data-elementor-type=\"wp-post\" data-elementor-id=\"3606\" class=\"elementor elementor-3606 elementor-1410\" data-elementor-post-type=\"post\">\n\t\t\t\t<div class=\"elementor-element elementor-element-e4caeea e-flex e-con-boxed e-con e-parent\" data-id=\"e4caeea\" data-element_type=\"container\" data-e-type=\"container\">\n\t\t\t\t\t<div class=\"e-con-inner\">\n\t\t\t\t<div class=\"elementor-element elementor-element-eb1e1d7 elementor-widget elementor-widget-text-editor\" data-id=\"eb1e1d7\" data-element_type=\"widget\" data-e-type=\"widget\" data-widget_type=\"text-editor.default\">\n\t\t\t\t<div class=\"elementor-widget-container\">\n\t\t\t\t\t\t\t\t\t<p>Efter m\u00e5nga goda \u00e5r, faktiskt mer \u00e4n 65 \u00e5r, p\u00e5 Harmonivej flyttar f\u00f6rs\u00e4ljnings- och serviceavdelningen hos Mirit Glas till st\u00f6rre lokaler p\u00e5 Marielundvej 37D, 1. sal, 2730 Herlev. Det \u00e4r naturligtvis lite vemodigt att vi nu flyttar ut ur v\u00e5ra gamla lokaler, men huset rymmer inte l\u00e4ngre oss och v\u00e5ra behov. Mirit Glas har vuxit ifr\u00e5n Mirit-huset om man s\u00e5 vill.<\/p>\n<p>Vi flyttar f\u00f6rs\u00e4ljnings- och serviceavdelningen medan produktionen stannar kvar i Vojens, d\u00e4r de trivs bra i v\u00e5r nya 500\u00a0m\u00b2 stora tillbyggnad!<\/p>\n<p>Den 1 juli 2019 hittar du d\u00e4rf\u00f6r v\u00e5r f\u00f6rs\u00e4ljnings- och serviceavdelning p\u00e5 Marielundvej 37D, 1. sal, 2730 Herlev.<\/p>\n<h4><b>Salg &amp; Service:<\/b><\/h4>\n<p>Marielundvej 37D, 1. sal,<br \/>\n2730 Herlev<br \/>\nTlf.: +45 4494 4449<\/p>\n<h4><b>Produktion:<\/b><\/h4>\n<p>Industriparken 12,<br \/>\n6500 Vojens<br \/>\nTlf.: +45 7454 2555<\/p>\n\t\t\t\t\t\t\t\t<\/div>\n\t\t\t\t<\/div>\n\t\t\t\t\t<\/div>\n\t\t\t\t<\/div>\n\t\t\t\t<\/div>\n\t\t","protected":false},"excerpt":{"rendered":"<p>Efter m\u00e5nga goda \u00e5r, faktiskt mer \u00e4n 65 \u00e5r, p\u00e5 Harmonivej flyttar f\u00f6rs\u00e4ljnings- och serviceavdelningen hos Mirit Glas till st\u00f6rre lokaler p\u00e5 Marielundvej 37D, 1. sal, 2730 Herlev. Det \u00e4r naturligtvis lite vemodigt att vi nu flyttar ut ur v\u00e5ra gamla lokaler, men huset rymmer inte l\u00e4ngre oss och v\u00e5ra behov. Mirit Glas har vuxit [&hellip;]<\/p>\n","protected":false},"author":1,"featured_media":0,"comment_status":"closed","ping_status":"closed","sticky":false,"template":"","format":"standard","meta":{"_acf_changed":false,"footnotes":""},"categories":[2],"tags":[],"class_list":["post-3606","post","type-post","status-publish","format-standard","hentry","category-nyheter"],"acf":[],"_links":{"self":[{"href":"https:\/\/miritglas.com\/sv\/wp-json\/wp\/v2\/posts\/3606","targetHints":{"allow":["GET"]}}],"collection":[{"href":"https:\/\/miritglas.com\/sv\/wp-json\/wp\/v2\/posts"}],"about":[{"href":"https:\/\/miritglas.com\/sv\/wp-json\/wp\/v2\/types\/post"}],"author":[{"embeddable":true,"href":"https:\/\/miritglas.com\/sv\/wp-json\/wp\/v2\/users\/1"}],"replies":[{"embeddable":true,"href":"https:\/\/miritglas.com\/sv\/wp-json\/wp\/v2\/comments?post=3606"}],"version-history":[{"count":1,"href":"https:\/\/miritglas.com\/sv\/wp-json\/wp\/v2\/posts\/3606\/revisions"}],"predecessor-version":[{"id":3607,"href":"https:\/\/miritglas.com\/sv\/wp-json\/wp\/v2\/posts\/3606\/revisions\/3607"}],"wp:attachment":[{"href":"https:\/\/miritglas.com\/sv\/wp-json\/wp\/v2\/media?parent=3606"}],"wp:term":[{"taxonomy":"category","embeddable":true,"href":"https:\/\/miritglas.com\/sv\/wp-json\/wp\/v2\/categories?post=3606"},{"taxonomy":"post_tag","embeddable":true,"href":"https:\/\/miritglas.com\/sv\/wp-json\/wp\/v2\/tags?post=3606"}],"curies":[{"name":"wp","href":"https:\/\/api.w.org\/{rel}","templated":true}]}}