{"id":6191,"date":"2021-10-25T16:43:16","date_gmt":"2021-10-25T14:43:16","guid":{"rendered":"https:\/\/miritglas.com\/nyheter\/korona-skaper-etterspoersel-etter-kvartsglass\/"},"modified":"2025-11-19T12:41:00","modified_gmt":"2025-11-19T11:41:00","slug":"korona-skaper-etterspoersel-etter-kvartsglass","status":"publish","type":"post","link":"https:\/\/miritglas.com\/no\/nyheter\/korona-skaper-etterspoersel-etter-kvartsglass\/","title":{"rendered":"Korona skaper ettersp\u00f8rsel etter kvartsglass"},"content":{"rendered":"\t\t<div data-elementor-type=\"wp-post\" data-elementor-id=\"6191\" class=\"elementor elementor-6191 elementor-1630\" data-elementor-post-type=\"post\">\n\t\t\t\t<div class=\"elementor-element elementor-element-4776f76 e-flex e-con-boxed e-con e-parent\" data-id=\"4776f76\" data-element_type=\"container\" data-e-type=\"container\">\n\t\t\t\t\t<div class=\"e-con-inner\">\n\t\t\t\t<div class=\"elementor-element elementor-element-7ee7b45 elementor-widget elementor-widget-text-editor\" data-id=\"7ee7b45\" data-element_type=\"widget\" data-e-type=\"widget\" data-widget_type=\"text-editor.default\">\n\t\t\t\t<div class=\"elementor-widget-container\">\n\t\t\t\t\t\t\t\t\t<p>Koronakrisen har satt kvartsglass i fokus fordi UV-lys brukes til \u00e5 desinfisere overflater for COVID-19-viruset. Og her er <a href=\"https:\/\/miritglas.com\/no\/produkter\/kvartsglass\/\">kvartsglass<\/a> en viktig komponent.<\/p>\n<p>Mens enkelte markeder har bremset noe ned p\u00e5 grunn av koronakrisen, har Mirit Glas opplevd \u00f8kt aktivitet innen bearbeiding og salg av kvartsglass.<\/p>\n<p>Kvartsglass er nemlig det perfekte glasset n\u00e5r man skal desinfisere med UV-lys, fordi den gode lysgjennomstr\u00f8mningen i kvartsglasset sikrer at UV-lyset kan spres i hele spekteret.<\/p>\n\t\t\t\t\t\t\t\t<\/div>\n\t\t\t\t<\/div>\n\t\t\t\t<div class=\"elementor-element elementor-element-fe5c098 elementor-widget elementor-widget-image\" data-id=\"fe5c098\" data-element_type=\"widget\" data-e-type=\"widget\" data-widget_type=\"image.default\">\n\t\t\t\t<div class=\"elementor-widget-container\">\n\t\t\t\t\t\t\t\t\t\t\t\t<figure class=\"wp-caption\">\n\t\t\t\t\t\t\t\t\t\t<img fetchpriority=\"high\" decoding=\"async\" width=\"1028\" height=\"500\" src=\"https:\/\/miritglas.com\/wp-content\/uploads\/2021\/10\/uv-lys-some.jpeg\" class=\"attachment-1536x1536 size-1536x1536 wp-image-1634\" alt=\"\" srcset=\"https:\/\/miritglas.com\/wp-content\/uploads\/2021\/10\/uv-lys-some.jpeg 1028w, https:\/\/miritglas.com\/wp-content\/uploads\/2021\/10\/uv-lys-some-300x146.jpeg 300w, https:\/\/miritglas.com\/wp-content\/uploads\/2021\/10\/uv-lys-some-1024x498.jpeg 1024w, https:\/\/miritglas.com\/wp-content\/uploads\/2021\/10\/uv-lys-some-768x374.jpeg 768w\" sizes=\"(max-width: 1028px) 100vw, 1028px\" title=\"\">\t\t\t\t\t\t\t\t\t\t\t<figcaption class=\"widget-image-caption wp-caption-text\">Efter at forskere har fundet ud af, at Ultraviolet lys \u00f8del\u00e6gger COVID-19, er der kommet p\u00e5 kvartsglas, som bruges i UV-l\u00f8sninger.<\/figcaption>\n\t\t\t\t\t\t\t\t\t\t<\/figure>\n\t\t\t\t\t\t\t\t\t<\/div>\n\t\t\t\t<\/div>\n\t\t\t\t<div class=\"elementor-element elementor-element-6b07eba elementor-widget elementor-widget-text-editor\" data-id=\"6b07eba\" data-element_type=\"widget\" data-e-type=\"widget\" data-widget_type=\"text-editor.default\">\n\t\t\t\t<div class=\"elementor-widget-container\">\n\t\t\t\t\t\t\t\t\t<p>\u00abVi har lang erfaring med \u00e5 bearbeide og levere akkurat de riktige kvartsglassene, avhengig av hva de skal brukes til. Vi kan levere b\u00e5de kvartsglassr\u00f8r og praktisk talt alle andre typer kvartsglass til profesjonelle l\u00f8sninger,\u00bb forteller salgsansvarlig Johan Stenfeldt Hansen.<\/p>\n<p>I kj\u00f8lvannet av koronaepidemien <a href=\"https:\/\/videnskab.dk\/krop-sundhed\/uv-straaling-draeber-coronavirus-paa-overflader-viser-nyt-amerikansk-studie\/\" target=\"_blank\" rel=\"noopener\">p\u00e5viste flere amerikanske studier at ultrafiolett lys kan \u00f8delegge proteinskallet til COVID-19-viruset.<\/a><\/p>\n<p>Derfor har det blitt \u00f8kt fokus p\u00e5 \u00e5 designe l\u00f8sninger som bruker UV-lys til \u00e5 desinfisere overflater mot COVID-19-viruset.<\/p>\n<p>Mirit Glas har ekspertisen som skal til for \u00e5 levere glasset til disse l\u00f8sningene, og er derfor leverand\u00f8r til flere nordiske prosjekter med UV-utstyr.<\/p>\n<p>Koronakrisen har ikke bare f\u00f8rt til \u00f8kt fokus p\u00e5 kvartsglass. Mirit Glas har ogs\u00e5 satt i gang produksjon av elegante hygieneskjermer som kan beskytte for eksempel resepsjonister og andre som m\u00f8ter mange mennesker i sitt daglige arbeid, mot COVID-19-viruset (og ogs\u00e5 andre sykdommer som influensa).<\/p>\n<p>Mirit Glas gir r\u00e5d om kvartsglass og kan produsere kvartsglass \u2013 og kvartsglassr\u00f8r \u2013 som passer til n\u00e6r sagt enhver UV-l\u00f8sning.<\/p>\n<p><a href=\"https:\/\/miritglas.com\/no\/produkter\/kvartsglass\/\">Les mer om kvartsglass her.<\/a><\/p>\n<p><strong>Spesialproduserte glass<\/strong><br \/>Mirit Glas er spesialister innen spesialproduksjon og bearbeiding av glass. Utvalget av glass er langt bredere enn bare kvartsglass. Opprinnelig var herdingen av glass v\u00e5r kjernekompetanse. I dag kan vi gi r\u00e5d om og selge s\u00e5 \u00e5 si alle typer glass. Vi er s\u00e6rlig dyktige p\u00e5 \u00e5 produsere glass der egenskaper og presisjon er avgj\u00f8rende.<\/p>\n\t\t\t\t\t\t\t\t<\/div>\n\t\t\t\t<\/div>\n\t\t\t\t\t<\/div>\n\t\t\t\t<\/div>\n\t\t\t\t<\/div>\n\t\t","protected":false},"excerpt":{"rendered":"<p>Koronakrisen har satt kvartsglass i fokus fordi UV-lys brukes til \u00e5 desinfisere overflater for COVID-19-viruset. Og her er kvartsglass en viktig komponent. Mens enkelte markeder har bremset noe ned p\u00e5 grunn av koronakrisen, har Mirit Glas opplevd \u00f8kt aktivitet innen bearbeiding og salg av kvartsglass. Kvartsglass er nemlig det perfekte glasset n\u00e5r man skal desinfisere [&hellip;]<\/p>\n","protected":false},"author":1,"featured_media":0,"comment_status":"closed","ping_status":"closed","sticky":false,"template":"","format":"standard","meta":{"_acf_changed":false,"footnotes":""},"categories":[3],"tags":[],"class_list":["post-6191","post","type-post","status-publish","format-standard","hentry","category-nyheter"],"acf":[],"_links":{"self":[{"href":"https:\/\/miritglas.com\/no\/wp-json\/wp\/v2\/posts\/6191","targetHints":{"allow":["GET"]}}],"collection":[{"href":"https:\/\/miritglas.com\/no\/wp-json\/wp\/v2\/posts"}],"about":[{"href":"https:\/\/miritglas.com\/no\/wp-json\/wp\/v2\/types\/post"}],"author":[{"embeddable":true,"href":"https:\/\/miritglas.com\/no\/wp-json\/wp\/v2\/users\/1"}],"replies":[{"embeddable":true,"href":"https:\/\/miritglas.com\/no\/wp-json\/wp\/v2\/comments?post=6191"}],"version-history":[{"count":1,"href":"https:\/\/miritglas.com\/no\/wp-json\/wp\/v2\/posts\/6191\/revisions"}],"predecessor-version":[{"id":6192,"href":"https:\/\/miritglas.com\/no\/wp-json\/wp\/v2\/posts\/6191\/revisions\/6192"}],"wp:attachment":[{"href":"https:\/\/miritglas.com\/no\/wp-json\/wp\/v2\/media?parent=6191"}],"wp:term":[{"taxonomy":"category","embeddable":true,"href":"https:\/\/miritglas.com\/no\/wp-json\/wp\/v2\/categories?post=6191"},{"taxonomy":"post_tag","embeddable":true,"href":"https:\/\/miritglas.com\/no\/wp-json\/wp\/v2\/tags?post=6191"}],"curies":[{"name":"wp","href":"https:\/\/api.w.org\/{rel}","templated":true}]}}