{"id":1630,"date":"2021-10-25T16:43:16","date_gmt":"2021-10-25T14:43:16","guid":{"rendered":"https:\/\/miritglas.com\/?p=1630"},"modified":"2024-12-16T11:50:23","modified_gmt":"2024-12-16T10:50:23","slug":"corona-skaber-efterspoergsel-efter-kvartsglas","status":"publish","type":"post","link":"https:\/\/miritglas.com\/da\/nyheder\/corona-skaber-efterspoergsel-efter-kvartsglas\/","title":{"rendered":"Corona skaber eftersp\u00f8rgsel efter kvartsglas"},"content":{"rendered":"\t\t<div data-elementor-type=\"wp-post\" data-elementor-id=\"1630\" class=\"elementor elementor-1630\" data-elementor-post-type=\"post\">\n\t\t\t\t<div class=\"elementor-element elementor-element-4776f76 e-flex e-con-boxed e-con e-parent\" data-id=\"4776f76\" data-element_type=\"container\" data-e-type=\"container\">\n\t\t\t\t\t<div class=\"e-con-inner\">\n\t\t\t\t<div class=\"elementor-element elementor-element-7ee7b45 elementor-widget elementor-widget-text-editor\" data-id=\"7ee7b45\" data-element_type=\"widget\" data-e-type=\"widget\" data-widget_type=\"text-editor.default\">\n\t\t\t\t<div class=\"elementor-widget-container\">\n\t\t\t\t\t\t\t\t\t<p>Coronakrisen har bragt kvartsglas i fokus, fordi UV-lys bruges til at desinficere overflader for COVID-19-virus. Og her er\u00a0<a href=\"https:\/\/miritglas.com\/da\/produkter\/kvartsglas\/\">kvartsglas<\/a>\u00a0en vigtig bestanddel.<\/p><p>Mens nogle markeder er sl\u00f8vet lidt ned p\u00e5 grund af Coronakrisen, s\u00e5 har Mirit Glas oplevet, at der er kommet gang i bearbejdning og salg af kvartsglas.<\/p><p>Kvartsglas er nemlig det perfekte glas, n\u00e5r man vil desinficere med UV-lys, fordi den gode lysgennemstr\u00f8mning i kvartsglasset sikrer, at UV-lyset kan spredes i hele spektret.<\/p>\t\t\t\t\t\t\t\t<\/div>\n\t\t\t\t<\/div>\n\t\t\t\t<div class=\"elementor-element elementor-element-fe5c098 elementor-widget elementor-widget-image\" data-id=\"fe5c098\" data-element_type=\"widget\" data-e-type=\"widget\" data-widget_type=\"image.default\">\n\t\t\t\t<div class=\"elementor-widget-container\">\n\t\t\t\t\t\t\t\t\t\t\t\t<figure class=\"wp-caption\">\n\t\t\t\t\t\t\t\t\t\t<img fetchpriority=\"high\" decoding=\"async\" width=\"1028\" height=\"500\" src=\"https:\/\/miritglas.com\/wp-content\/uploads\/2021\/10\/uv-lys-some.jpeg\" class=\"attachment-1536x1536 size-1536x1536 wp-image-1632\" alt=\"\" srcset=\"https:\/\/miritglas.com\/wp-content\/uploads\/2021\/10\/uv-lys-some.jpeg 1028w, https:\/\/miritglas.com\/wp-content\/uploads\/2021\/10\/uv-lys-some-300x146.jpeg 300w, https:\/\/miritglas.com\/wp-content\/uploads\/2021\/10\/uv-lys-some-1024x498.jpeg 1024w, https:\/\/miritglas.com\/wp-content\/uploads\/2021\/10\/uv-lys-some-768x374.jpeg 768w\" sizes=\"(max-width: 1028px) 100vw, 1028px\" title=\"\">\t\t\t\t\t\t\t\t\t\t\t<figcaption class=\"widget-image-caption wp-caption-text\">Efter at forskere har fundet ud af, at Ultraviolet lys \u00f8del\u00e6gger COVID-19, er der kommet p\u00e5 kvartsglas, som bruges i UV-l\u00f8sninger.<\/figcaption>\n\t\t\t\t\t\t\t\t\t\t<\/figure>\n\t\t\t\t\t\t\t\t\t<\/div>\n\t\t\t\t<\/div>\n\t\t\t\t<div class=\"elementor-element elementor-element-6b07eba elementor-widget elementor-widget-text-editor\" data-id=\"6b07eba\" data-element_type=\"widget\" data-e-type=\"widget\" data-widget_type=\"text-editor.default\">\n\t\t\t\t<div class=\"elementor-widget-container\">\n\t\t\t\t\t\t\t\t\t<p>\u201dVi har erfaring med at forarbejde og levere de helt rigtige kvartsglas alt efter, hvad de skal bruges til. Vi kan b\u00e5de levere kvartsglasr\u00f8r og stort set alle andre typer kvartsglas til professionelle l\u00f8sninger,\u201d fort\u00e6ller salgsansvarlig, Johan Stenfeldt Hansen.<\/p><p>I k\u00f8lvandet p\u00e5 Coronaepidemien\u00a0<a target=\"_blank\" href=\"https:\/\/videnskab.dk\/krop-sundhed\/uv-straaling-draeber-coronavirus-paa-overflader-viser-nyt-amerikansk-studie\" rel=\"noopener\">p\u00e5viste nogle amerikanske studier, at ultraviolet lys kan destruere COVID-19-virussens proteinskal<\/a>.<\/p><p>Derfor er der kommet fokus p\u00e5, at designe l\u00f8sninger, der bruger UV-lys til at desinficerer overflader mod COVID-19-virusset.<\/p><p>Mirit glas har ekspertisen til at levere glasset til disse l\u00f8sninger, og er derfor leverand\u00f8r til flere nordiske projekter med UV-apparater.<\/p><p>Coronakrisen har ikke kun betydet et \u00f8get fokus p\u00e5 kvartsglas. Mirit Glas har ogs\u00e5 lavet en produktion af\u00a0<a href=\"https:\/\/miritglas.com\/da\/produkter\/beskyttelsesskaerm-mod-coronavirus-covid19\/\">elegante hygiejnesk\u00e6rme<\/a>, der kan beskytte for eksempel receptionister og andre, der dagligt m\u00f8der mange mennesker i deres arbejde, mod Covid19-virus (og i \u00f8vrigt ogs\u00e5 andre sygdomme som f.eks. influenza).<\/p><p>Mirit Glas r\u00e5dgiver om kvartsglas og kan fremstille kvartsglas \u2013 og kvartsglasr\u00f8r \u2013 der passer til stort set enhver UV-l\u00f8sning.<\/p><p><a target=\"_blank\" href=\"https:\/\/miritglas.com\/da\/produkter\/kvartsglas\/\" rel=\"noopener\">L\u00e6s mere om kvartsglas her<\/a><\/p><h3>Specialfremstillede glas<\/h3><p>Mirit Glas er specialister inden for specialfremstilling af glas og bearbejdningen af det. Paletten af glas er langt bredere end kun kvartsglas. Oprindeligt var det h\u00e6rdning af glas, der var vores ekspertise. I dag kan vi r\u00e5dgive om og s\u00e6lge stort set alle typer glas. Vi er s\u00e6rligt gode at lave glas, hvor egenskaber og pr\u00e6cision betyder noget.<\/p>\t\t\t\t\t\t\t\t<\/div>\n\t\t\t\t<\/div>\n\t\t\t\t\t<\/div>\n\t\t\t\t<\/div>\n\t\t\t\t<\/div>\n\t\t","protected":false},"excerpt":{"rendered":"<p>Coronakrisen har bragt kvartsglas i fokus, fordi UV-lys bruges til at desinficere overflader for COVID-19-virus. Og her er\u00a0kvartsglas\u00a0en vigtig bestanddel. Mens nogle markeder er sl\u00f8vet lidt ned p\u00e5 grund af Coronakrisen, s\u00e5 har Mirit Glas oplevet, at der er kommet gang i bearbejdning og salg af kvartsglas. Kvartsglas er nemlig det perfekte glas, n\u00e5r man [&hellip;]<\/p>\n","protected":false},"author":1,"featured_media":0,"comment_status":"closed","ping_status":"closed","sticky":false,"template":"","format":"standard","meta":{"_acf_changed":false,"footnotes":""},"categories":[1],"tags":[],"class_list":["post-1630","post","type-post","status-publish","format-standard","hentry","category-nyheder"],"acf":[],"_links":{"self":[{"href":"https:\/\/miritglas.com\/da\/wp-json\/wp\/v2\/posts\/1630","targetHints":{"allow":["GET"]}}],"collection":[{"href":"https:\/\/miritglas.com\/da\/wp-json\/wp\/v2\/posts"}],"about":[{"href":"https:\/\/miritglas.com\/da\/wp-json\/wp\/v2\/types\/post"}],"author":[{"embeddable":true,"href":"https:\/\/miritglas.com\/da\/wp-json\/wp\/v2\/users\/1"}],"replies":[{"embeddable":true,"href":"https:\/\/miritglas.com\/da\/wp-json\/wp\/v2\/comments?post=1630"}],"version-history":[{"count":10,"href":"https:\/\/miritglas.com\/da\/wp-json\/wp\/v2\/posts\/1630\/revisions"}],"predecessor-version":[{"id":5285,"href":"https:\/\/miritglas.com\/da\/wp-json\/wp\/v2\/posts\/1630\/revisions\/5285"}],"wp:attachment":[{"href":"https:\/\/miritglas.com\/da\/wp-json\/wp\/v2\/media?parent=1630"}],"wp:term":[{"taxonomy":"category","embeddable":true,"href":"https:\/\/miritglas.com\/da\/wp-json\/wp\/v2\/categories?post=1630"},{"taxonomy":"post_tag","embeddable":true,"href":"https:\/\/miritglas.com\/da\/wp-json\/wp\/v2\/tags?post=1630"}],"curies":[{"name":"wp","href":"https:\/\/api.w.org\/{rel}","templated":true}]}}