{"id":1611,"date":"2021-09-08T16:36:56","date_gmt":"2021-09-08T14:36:56","guid":{"rendered":"https:\/\/miritglas.com\/?p=1611"},"modified":"2023-11-15T11:05:59","modified_gmt":"2023-11-15T10:05:59","slug":"flammeproevet-og-smadret-glas-paa-forsvarsmesse","status":"publish","type":"post","link":"https:\/\/miritglas.com\/da\/nyheder\/flammeproevet-og-smadret-glas-paa-forsvarsmesse\/","title":{"rendered":"Flammepr\u00f8vet og smadret glas p\u00e5 forsvarsmesse"},"content":{"rendered":"\t\t<div data-elementor-type=\"wp-post\" data-elementor-id=\"1611\" class=\"elementor elementor-1611\" data-elementor-post-type=\"post\">\n\t\t\t\t<div class=\"elementor-element elementor-element-2481e77 e-flex e-con-boxed e-con e-parent\" data-id=\"2481e77\" data-element_type=\"container\" data-e-type=\"container\">\n\t\t\t\t\t<div class=\"e-con-inner\">\n\t\t\t\t<div class=\"elementor-element elementor-element-24ff26d elementor-widget elementor-widget-text-editor\" data-id=\"24ff26d\" data-element_type=\"widget\" data-e-type=\"widget\" data-widget_type=\"text-editor.default\">\n\t\t\t\t<div class=\"elementor-widget-container\">\n\t\t\t\t\t\t\t\t\t<p><strong>Blandt droner, automatiske sigtesystemer, gummid\u00e6mpere til kanoner og intelligente \u00f8repropper smadrede og br\u00e6ndte Mirit glas (n\u00e5r kunne lade sig g\u00f8re), for at demonstrere, hvor brugbart special glas er.<\/strong><\/p><p>Mirit Glas havde nemlig valgt at deltage i\u00a0<a href=\"https:\/\/fmi.dk\/da\/nyheder\/2021\/fmi-industridag-2021-runder-af\/\" target=\"_blank\" rel=\"noopener\">FMI Industridag 2021<\/a>, ligesom 400 andre virksomheder, hos Forsvarsministeriets Materiel- og Indk\u00f8bsstyrelsen i Ballerup. Det st\u00f8rste forsvarsindustrielle arrangement i Norden.<\/p>\t\t\t\t\t\t\t\t<\/div>\n\t\t\t\t<\/div>\n\t\t\t\t<div class=\"elementor-element elementor-element-265fbe4 elementor-widget elementor-widget-video\" data-id=\"265fbe4\" data-element_type=\"widget\" data-e-type=\"widget\" data-settings=\"{&quot;youtube_url&quot;:&quot;https:\\\/\\\/www.youtube.com\\\/watch?v=E6qiMzg7m-I&quot;,&quot;yt_privacy&quot;:&quot;yes&quot;,&quot;lazy_load&quot;:&quot;yes&quot;,&quot;show_image_overlay&quot;:&quot;yes&quot;,&quot;image_overlay&quot;:{&quot;url&quot;:&quot;https:\\\/\\\/miritglas.com\\\/wp-content\\\/uploads\\\/2021\\\/09\\\/E6qiMzg7m.jpeg&quot;,&quot;id&quot;:1613,&quot;size&quot;:&quot;&quot;,&quot;alt&quot;:&quot;&quot;,&quot;source&quot;:&quot;library&quot;},&quot;video_type&quot;:&quot;youtube&quot;,&quot;controls&quot;:&quot;yes&quot;}\" data-widget_type=\"video.default\">\n\t\t\t\t<div class=\"elementor-widget-container\">\n\t\t\t\t\t\t\t<div class=\"elementor-wrapper elementor-open-inline\">\n\t\t\t<div class=\"elementor-video\"><\/div>\t\t\t\t<div class=\"elementor-custom-embed-image-overlay\" style=\"background-image: url(https:\/\/miritglas.com\/wp-content\/uploads\/2021\/09\/E6qiMzg7m.jpeg);\">\n\t\t\t\t\t\t\t\t\t\t\t\t\t\t\t\t<div class=\"elementor-custom-embed-play\" role=\"button\" aria-label=\"Afspil video\" tabindex=\"0\">\n\t\t\t\t\t\t\t<svg aria-hidden=\"true\" class=\"e-font-icon-svg e-eicon-play\" viewBox=\"0 0 1000 1000\" xmlns=\"http:\/\/www.w3.org\/2000\/svg\"><path d=\"M838 162C746 71 633 25 500 25 371 25 258 71 163 162 71 254 25 367 25 500 25 633 71 746 163 837 254 929 367 979 500 979 633 979 746 933 838 837 929 746 975 633 975 500 975 367 929 254 838 162M808 192C892 279 933 379 933 500 933 621 892 725 808 808 725 892 621 938 500 938 379 938 279 896 196 808 113 725 67 621 67 500 67 379 108 279 196 192 279 108 383 62 500 62 621 62 721 108 808 192M438 392V642L642 517 438 392Z\"><\/path><\/svg>\t\t\t\t\t\t<\/div>\n\t\t\t\t\t\t\t\t\t<\/div>\n\t\t\t\t\t<\/div>\n\t\t\t\t\t\t<\/div>\n\t\t\t\t<\/div>\n\t\t\t\t<div class=\"elementor-element elementor-element-1b71c06 elementor-widget elementor-widget-text-editor\" data-id=\"1b71c06\" data-element_type=\"widget\" data-e-type=\"widget\" data-widget_type=\"text-editor.default\">\n\t\t\t\t<div class=\"elementor-widget-container\">\n\t\t\t\t\t\t\t\t\t<p>\u201dVi er her ikke fordi vi dr\u00f8mmer om en gylden forsvarskontrakt,\u201d erkender salgsansvarlig Johan Stenfeldt Hansen og forts\u00e6tter:<\/p><p>\u201dVi er her prim\u00e6rt for at netv\u00e6rke. For os er messen et godt sted at vise, at vi kan levere glas med s\u00e6rlige egenskaber. Set i det lys er FMI Industridag et godt sted at v\u00e6re. Vi har det tilf\u00e6lles med de andre udstillere her, at vi leverer speciall\u00f8sninger, der er tilpasset opgaven. Faktisk er der en del af vores eksisterende kunder og flere potentielle kunder, der udstiller her p\u00e5 messen. \u201d<\/p><p>Med p\u00e5 messen var Mirit Glas\u2019 produktionschef Keld Lauridsen og salgsansvarlig Johan Stenfeldt Hansen. Her fremviste de glas, der kunne modst\u00e5 store temperaturforskelle og viste, hvor stor forskel der er p\u00e5 styrken i\u00a0<a href=\"https:\/\/miritglas.com\/da\/produkter\/floatglas\/\">almindeligt glas<\/a>,\u00a0<a href=\"https:\/\/miritglas.com\/da\/produkter\/haerdet-glas\/\">h\u00e6rdet glas<\/a>\u00a0og\u00a0<a href=\"https:\/\/miritglas.com\/da\/produkter\/kemisk-haerdet-glas\/\">Kemirit<\/a>, som er Mirit Glas\u2019 version af ekstra st\u00e6rkt kemisk h\u00e6rdet glas.<\/p><p>Messedeltagerne fik lov til at smadre glasset \u2013 hvis de kunne. Flere m\u00e5tte give op overfor det 2 mm tynde Kemirit, som kr\u00e6ver et tryk p\u00e5 mere end 50 kg for at g\u00e5 i stykker.<\/p><p>B\u00e5de milit\u00e6rfolk og folk fra de deltagende industrier var forbi standen hos Mirit Glas, for at tale om glas, og f\u00e5 demonstreret at det rigtige glas kan g\u00f8re en god l\u00f8sning endnu bedre.<\/p><p>FMI Industridag 2021 er en del af forsvarets Open For Business-strategi, der handler om at st\u00f8tte op om danske virksomheder og danske l\u00f8sninger. Messen startede i 2012 og er vokset lige siden.<\/p>\t\t\t\t\t\t\t\t<\/div>\n\t\t\t\t<\/div>\n\t\t\t\t<div class=\"elementor-element elementor-element-a772263 elementor-widget elementor-widget-image\" data-id=\"a772263\" data-element_type=\"widget\" data-e-type=\"widget\" data-widget_type=\"image.default\">\n\t\t\t\t<div class=\"elementor-widget-container\">\n\t\t\t\t\t\t\t\t\t\t\t\t<figure class=\"wp-caption\">\n\t\t\t\t\t\t\t\t\t\t<img fetchpriority=\"high\" decoding=\"async\" width=\"1536\" height=\"807\" src=\"https:\/\/miritglas.com\/wp-content\/uploads\/2021\/09\/smadret-glas-fmi-1536x807.jpg\" class=\"attachment-1536x1536 size-1536x1536 wp-image-1620\" alt=\"\" srcset=\"https:\/\/miritglas.com\/wp-content\/uploads\/2021\/09\/smadret-glas-fmi-1536x807.jpg 1536w, https:\/\/miritglas.com\/wp-content\/uploads\/2021\/09\/smadret-glas-fmi-300x158.jpg 300w, https:\/\/miritglas.com\/wp-content\/uploads\/2021\/09\/smadret-glas-fmi-1024x538.jpg 1024w, https:\/\/miritglas.com\/wp-content\/uploads\/2021\/09\/smadret-glas-fmi-768x403.jpg 768w, https:\/\/miritglas.com\/wp-content\/uploads\/2021\/09\/smadret-glas-fmi-2048x1076.jpg 2048w\" sizes=\"(max-width: 1536px) 100vw, 1536px\" title=\"\">\t\t\t\t\t\t\t\t\t\t\t<figcaption class=\"widget-image-caption wp-caption-text\">Der blev smadret en del glas p\u00e5 FMI Industridag, hvor Mirit Glas lod messeg\u00e6sterne afpr\u00f8ve forskellen p\u00e5 almindeligt og h\u00e6rdet glas.<\/figcaption>\n\t\t\t\t\t\t\t\t\t\t<\/figure>\n\t\t\t\t\t\t\t\t\t<\/div>\n\t\t\t\t<\/div>\n\t\t\t\t<div class=\"elementor-element elementor-element-624b955 elementor-widget elementor-widget-text-editor\" data-id=\"624b955\" data-element_type=\"widget\" data-e-type=\"widget\" data-widget_type=\"text-editor.default\">\n\t\t\t\t<div class=\"elementor-widget-container\">\n\t\t\t\t\t\t\t\t\t<p>Det var f\u00f8rste gang Mirit Glas valgte at deltage p\u00e5 industridagen hos Forsvarsministeriets Materiel- og Indk\u00f8bsstyrelse.<br \/>\u201dFor os giver det god mening, at st\u00e5 her og smadre glas,\u201d fort\u00e6ller Johan Stenfeldt Hansen med et smil.<\/p><p>\u201dHvis vi skal v\u00e6re \u00e6rlige, s\u00e5 er der ikke mange l\u00f8sninger, der best\u00e5r 100 procent af glas. Virkeligheden er, at vi som regel er 3.parts-leverand\u00f8r til andre special-l\u00f8sninger \u2013 ofte h\u00f8jteknologiske l\u00f8sninger. Ved at v\u00e6re til stede med vores \u201dlille glascirkus\u201d her p\u00e5 messen, har vi mulighed for at komme i dialog med mulige samarbejdspartnere, og vise dem, at det rigtige glas ogs\u00e5 er en teknologisk l\u00f8sning\u201d.<\/p><p>For Mirit Glas er det vigtigt, at komme ud og fort\u00e6lle, at virksomheden siden 1952 har produceret og leveret glas, der er tilpasset kundernes l\u00f8sninger.<\/p><p>\u201dAt vi har v\u00e6ret her siden 1952 betyder ikke, at vi har lavet de samme glas i 70 \u00e5r. Det betyder, at vi har udviklet os sammen med vores kunder i 70 \u00e5r. Da vi producerede h\u00e6rdet glas til at s\u00e6tte foran fjernsyn i 1952 var det datidens avancerede glasl\u00f8sning. I dag er vi rykket videre og leverer glas til alt fra avancerede l\u00f8sning til Offshore-industrien til specialglas til elektronik, medicinal og f\u00f8devareindustrien. Det vil ogs\u00e5 sige glas, der bliver brugt i forsvarsindustrien,\u201d sl\u00e5r Johan Stenfeldt Hansen fast.<\/p><blockquote><p><em>Siden starten i 1952 har Mirit Glas leveret glas til erhvervslivet. F\u00f8rst var det h\u00e6rdet glas, der beskyttede tidens tv-apparater. Mirit glas har siden 50\u2019erne udvidet kompetencerne for at kunne levere alle typer glas, som eftersp\u00f8rges af erhvervslivet. Uanset om det er til brug i produktionsprocesser eller til avancerede l\u00f8sninger, hvor glasset skal have specielle egenskaber.\u00a0<\/em><\/p><p><em>I dag er Mirit Glas en ordreproducerende service- og handelsvirksomhed, der fremstiller og leverer glas b\u00e5de i store serier og meget sm\u00e5 enkelte stykker.<\/em><\/p><p><em>Vi leverer en bred vifte af glasprodukter, som alle bliver fremstillet efter ordre. Samtidig har vi ogs\u00e5 et af Danmarks mest velassorterede r\u00e5varelagre.<\/em><\/p><\/blockquote>\t\t\t\t\t\t\t\t<\/div>\n\t\t\t\t<\/div>\n\t\t\t\t\t<\/div>\n\t\t\t\t<\/div>\n\t\t\t\t<\/div>\n\t\t","protected":false},"excerpt":{"rendered":"<p>Blandt droner, automatiske sigtesystemer, gummid\u00e6mpere til kanoner og intelligente \u00f8repropper smadrede og br\u00e6ndte Mirit glas (n\u00e5r kunne lade sig g\u00f8re), for at demonstrere, hvor brugbart special glas er. Mirit Glas havde nemlig valgt at deltage i\u00a0FMI Industridag 2021, ligesom 400 andre virksomheder, hos Forsvarsministeriets Materiel- og Indk\u00f8bsstyrelsen i Ballerup. Det st\u00f8rste forsvarsindustrielle arrangement i Norden. [&hellip;]<\/p>\n","protected":false},"author":1,"featured_media":0,"comment_status":"closed","ping_status":"closed","sticky":false,"template":"","format":"standard","meta":{"_acf_changed":false,"footnotes":""},"categories":[1],"tags":[],"class_list":["post-1611","post","type-post","status-publish","format-standard","hentry","category-nyheder"],"acf":[],"_links":{"self":[{"href":"https:\/\/miritglas.com\/da\/wp-json\/wp\/v2\/posts\/1611","targetHints":{"allow":["GET"]}}],"collection":[{"href":"https:\/\/miritglas.com\/da\/wp-json\/wp\/v2\/posts"}],"about":[{"href":"https:\/\/miritglas.com\/da\/wp-json\/wp\/v2\/types\/post"}],"author":[{"embeddable":true,"href":"https:\/\/miritglas.com\/da\/wp-json\/wp\/v2\/users\/1"}],"replies":[{"embeddable":true,"href":"https:\/\/miritglas.com\/da\/wp-json\/wp\/v2\/comments?post=1611"}],"version-history":[{"count":13,"href":"https:\/\/miritglas.com\/da\/wp-json\/wp\/v2\/posts\/1611\/revisions"}],"predecessor-version":[{"id":4128,"href":"https:\/\/miritglas.com\/da\/wp-json\/wp\/v2\/posts\/1611\/revisions\/4128"}],"wp:attachment":[{"href":"https:\/\/miritglas.com\/da\/wp-json\/wp\/v2\/media?parent=1611"}],"wp:term":[{"taxonomy":"category","embeddable":true,"href":"https:\/\/miritglas.com\/da\/wp-json\/wp\/v2\/categories?post=1611"},{"taxonomy":"post_tag","embeddable":true,"href":"https:\/\/miritglas.com\/da\/wp-json\/wp\/v2\/tags?post=1611"}],"curies":[{"name":"wp","href":"https:\/\/api.w.org\/{rel}","templated":true}]}}