{"id":1548,"date":"2021-05-07T16:18:15","date_gmt":"2021-05-07T14:18:15","guid":{"rendered":"https:\/\/miritglas.com\/?p=1548"},"modified":"2023-09-20T10:17:34","modified_gmt":"2023-09-20T08:17:34","slug":"skoleelever-forvandler-mirit-glas-fabriksgrund-til-vild-natur","status":"publish","type":"post","link":"https:\/\/miritglas.com\/da\/nyheder\/skoleelever-forvandler-mirit-glas-fabriksgrund-til-vild-natur\/","title":{"rendered":"Skoleelever forvandler Mirit Glas&#8217; fabriksgrund til vild natur"},"content":{"rendered":"\t\t<div data-elementor-type=\"wp-post\" data-elementor-id=\"1548\" class=\"elementor elementor-1548\" data-elementor-post-type=\"post\">\n\t\t\t\t<div class=\"elementor-element elementor-element-7d8299d e-flex e-con-boxed e-con e-parent\" data-id=\"7d8299d\" data-element_type=\"container\" data-e-type=\"container\">\n\t\t\t\t\t<div class=\"e-con-inner\">\n\t\t\t\t<div class=\"elementor-element elementor-element-4a10df7 elementor-widget elementor-widget-image\" data-id=\"4a10df7\" data-element_type=\"widget\" data-e-type=\"widget\" data-widget_type=\"image.default\">\n\t\t\t\t<div class=\"elementor-widget-container\">\n\t\t\t\t\t\t\t\t\t\t\t\t\t\t\t<img fetchpriority=\"high\" decoding=\"async\" width=\"1536\" height=\"807\" src=\"https:\/\/miritglas.com\/wp-content\/uploads\/2021\/05\/mirit-verdensmaal-bregnebjergskolen0489-red-1536x807.jpeg\" class=\"attachment-1536x1536 size-1536x1536 wp-image-1550\" alt=\"\" srcset=\"https:\/\/miritglas.com\/wp-content\/uploads\/2021\/05\/mirit-verdensmaal-bregnebjergskolen0489-red-1536x807.jpeg 1536w, https:\/\/miritglas.com\/wp-content\/uploads\/2021\/05\/mirit-verdensmaal-bregnebjergskolen0489-red-300x158.jpeg 300w, https:\/\/miritglas.com\/wp-content\/uploads\/2021\/05\/mirit-verdensmaal-bregnebjergskolen0489-red-1024x538.jpeg 1024w, https:\/\/miritglas.com\/wp-content\/uploads\/2021\/05\/mirit-verdensmaal-bregnebjergskolen0489-red-768x403.jpeg 768w, https:\/\/miritglas.com\/wp-content\/uploads\/2021\/05\/mirit-verdensmaal-bregnebjergskolen0489-red-2048x1076.jpeg 2048w\" sizes=\"(max-width: 1536px) 100vw, 1536px\" title=\"\">\t\t\t\t\t\t\t\t\t\t\t\t\t\t\t<\/div>\n\t\t\t\t<\/div>\n\t\t\t\t<div class=\"elementor-element elementor-element-94051cb elementor-widget elementor-widget-text-editor\" data-id=\"94051cb\" data-element_type=\"widget\" data-e-type=\"widget\" data-widget_type=\"text-editor.default\">\n\t\t\t\t<div class=\"elementor-widget-container\">\n\t\t\t\t\t\t\t\t\t<p><strong>Med bannere, der viste FN\u2019s 17 verdensm\u00e5l gik 6.C. i aktion for biodiversiteten. Eleverne tils\u00e5ede den nedpl\u00f8jede pl\u00e6ne bag Mirit Glas A\/S i Vojens, som fremover skal v\u00e6re hjemsted for en mangfoldighed af vilde planter, insekter og dyr.<\/strong><\/p><p>Der blev kastet til h\u00f8jre og venstre, da 22 b\u00f8rn fra Bregnbjergskolen i Vojens, spredte fr\u00f8 fra vilde planter bag Mirit Glas\u2019 fabrik i Vojens. For skoleeleverne var det kulminationen p\u00e5 et projekt om FN\u2019s 17 verdensm\u00e5l. For Mirit Glas var det en markering af, at firmaet aktivt st\u00f8tter op omkring FN\u2019s verdensm\u00e5l nummer 15.5, der handler om at beskytte biodiversiteten og naturlige levesteder. Med tiden er det planen at forvandle grunden bag fabrikken til et skov og naturomr\u00e5de med plads til dyr, insekter og et rigt planteliv med bundplanter, mosser og andre vilde planter.<\/p>\t\t\t\t\t\t\t\t<\/div>\n\t\t\t\t<\/div>\n\t\t\t\t<div class=\"elementor-element elementor-element-66c5bf9 elementor-widget elementor-widget-image\" data-id=\"66c5bf9\" data-element_type=\"widget\" data-e-type=\"widget\" data-widget_type=\"image.default\">\n\t\t\t\t<div class=\"elementor-widget-container\">\n\t\t\t\t\t\t\t\t\t\t\t\t<figure class=\"wp-caption\">\n\t\t\t\t\t\t\t\t\t\t<img decoding=\"async\" width=\"1536\" height=\"1024\" src=\"https:\/\/miritglas.com\/wp-content\/uploads\/2021\/05\/mirit-verdensmaal-bregnebjergskolen0476-red2-1536x1024.jpeg\" class=\"attachment-1536x1536 size-1536x1536 wp-image-1554\" alt=\"\" srcset=\"https:\/\/miritglas.com\/wp-content\/uploads\/2021\/05\/mirit-verdensmaal-bregnebjergskolen0476-red2-1536x1024.jpeg 1536w, https:\/\/miritglas.com\/wp-content\/uploads\/2021\/05\/mirit-verdensmaal-bregnebjergskolen0476-red2-300x200.jpeg 300w, https:\/\/miritglas.com\/wp-content\/uploads\/2021\/05\/mirit-verdensmaal-bregnebjergskolen0476-red2-1024x683.jpeg 1024w, https:\/\/miritglas.com\/wp-content\/uploads\/2021\/05\/mirit-verdensmaal-bregnebjergskolen0476-red2-768x512.jpeg 768w, https:\/\/miritglas.com\/wp-content\/uploads\/2021\/05\/mirit-verdensmaal-bregnebjergskolen0476-red2-2048x1365.jpeg 2048w\" sizes=\"(max-width: 1536px) 100vw, 1536px\" title=\"\">\t\t\t\t\t\t\t\t\t\t\t<figcaption class=\"widget-image-caption wp-caption-text\">Der blev spredt fr\u00f8 ud med stor entusiasme.<\/figcaption>\n\t\t\t\t\t\t\t\t\t\t<\/figure>\n\t\t\t\t\t\t\t\t\t<\/div>\n\t\t\t\t<\/div>\n\t\t\t\t<div class=\"elementor-element elementor-element-e421a02 elementor-widget elementor-widget-text-editor\" data-id=\"e421a02\" data-element_type=\"widget\" data-e-type=\"widget\" data-widget_type=\"text-editor.default\">\n\t\t\t\t<div class=\"elementor-widget-container\">\n\t\t\t\t\t\t\t\t\t<p>Produktionschef Keld Lauridsen fra Mirit Glas, der st\u00e5r i spidsen for indsatsen omkring de 17 verdensm\u00e5l, er glad for, at det lykkedes at f\u00e5 et samarbejde i gang med den lokale skole.<br \/>\u201dVi synes ogs\u00e5 , at vi gerne vil give lidt tilbage til lokalsamfundet. Derfor var det oplagt, at vi inviterede nogle skoleelever, som arbejder med de 17 verdensm\u00e5l til at hj\u00e6lpe os. Vi t\u00e6nkte, at det kunne v\u00e6re et godt afbr\u00e6k i denne coronatid\u201d, fort\u00e6ller han.<\/p><p>Skoleeleverne fra 6.C. p\u00e5 Bregnbjergskolen i Vojens tog udfordringen op. De ankom til Mirit Glas med farvede faner for hvert af de 17 verdensm\u00e5l. De havde ogs\u00e5 forberedt plancher om verdensm\u00e5lene, som de fremlagde med stor entusiasme, f\u00f8r de fik en rundtur p\u00e5 Mirit Glas, og gik i gang med at sprede vilde plantefr\u00f8.<\/p><p><strong>3000 kvadratmeter vild natur<\/strong><\/p><p>Selve aktiviteten med at sprede fr\u00f8 p\u00e5 den 3000 kvadratmeter store grund stod anl\u00e6gsgartner Simon Dyhrfjeld for.<\/p><p>Han udleverede spande fyldt med forskellige plantefr\u00f8 til eleverne og instruerede dem i, hvordan fr\u00f8ene skulle spredes ud over den nyfr\u00e6sede jord bag Mirit Glas. En opgave som 6.C. gik til med krum hals og stor entusiasme.<\/p><p>I l\u00f8bet af en lille times tid fik de spredt de vilde fr\u00f8 ud over grundstykket bag glasfabrikken.<br \/>Det gl\u00e6der Keld Lauridsen.<\/p><p>\u201dDet er jo helt fantastisk. Jeg havde ikke regnet med, at de n\u00e5ede at sprede fr\u00f8 ud over hele grundstykket. Det har virkelig v\u00e6ret en forn\u00f8jelse \u2013 ogs\u00e5 at opleve, hvor godt forberedte eleverne har v\u00e6ret,\u201d siger han.<\/p>\t\t\t\t\t\t\t\t<\/div>\n\t\t\t\t<\/div>\n\t\t\t\t<div class=\"elementor-element elementor-element-3057a85 elementor-widget elementor-widget-image\" data-id=\"3057a85\" data-element_type=\"widget\" data-e-type=\"widget\" data-widget_type=\"image.default\">\n\t\t\t\t<div class=\"elementor-widget-container\">\n\t\t\t\t\t\t\t\t\t\t\t\t<figure class=\"wp-caption\">\n\t\t\t\t\t\t\t\t\t\t<img decoding=\"async\" src=\"https:\/\/miritglas.com\/wp-content\/uploads\/elementor\/thumbs\/mirit-verdensmaal-bregnebjergskolen0568-red-qbdywfqti2dxcj8n5uldkwiq2gqivd3hz24lck1z7s.jpeg\" title=\"mirit-verdensmaal-bregnebjergskolen0568-red\" alt=\"Simon Dyhrfjeld deler spande med fr\u00f8 ud til 6.C.\" loading=\"lazy\" \/>\t\t\t\t\t\t\t\t\t\t\t<figcaption class=\"widget-image-caption wp-caption-text\">Simon Dyhrfjeld deler spande med fr\u00f8 ud til 6.C.<\/figcaption>\n\t\t\t\t\t\t\t\t\t\t<\/figure>\n\t\t\t\t\t\t\t\t\t<\/div>\n\t\t\t\t<\/div>\n\t\t\t\t<div class=\"elementor-element elementor-element-81cd62a elementor-widget elementor-widget-text-editor\" data-id=\"81cd62a\" data-element_type=\"widget\" data-e-type=\"widget\" data-widget_type=\"text-editor.default\">\n\t\t\t\t<div class=\"elementor-widget-container\">\n\t\t\t\t\t\t\t\t\t<p>Han fort\u00e6ller, at de plancher, som eleverne havde med til Mirit Glas, nu er h\u00e6ngt op i frokoststuen til inspiration for medarbejderne.<br \/>Ogs\u00e5 Johan Stenfeldt Hansen, der er medejer af Mirit Glas, var meget tilfreds med dagens forl\u00f8b.<\/p><p>\u201dJeg m\u00e5 sige, at jeg er imponeret over den entusiasme skoleeleverne lagde for dagen. Det er jo dejligt. Og selv om vi ikke kan l\u00f8se alle verdens problemer, s\u00e5 kan vi bidrage i det sm\u00e5\u201d, sl\u00e5r han fast.<\/p>\t\t\t\t\t\t\t\t<\/div>\n\t\t\t\t<\/div>\n\t\t\t\t<div class=\"elementor-element elementor-element-2ae766f elementor-widget elementor-widget-image\" data-id=\"2ae766f\" data-element_type=\"widget\" data-e-type=\"widget\" data-widget_type=\"image.default\">\n\t\t\t\t<div class=\"elementor-widget-container\">\n\t\t\t\t\t\t\t\t\t\t\t\t<figure class=\"wp-caption\">\n\t\t\t\t\t\t\t\t\t\t<img decoding=\"async\" width=\"1536\" height=\"807\" src=\"https:\/\/miritglas.com\/wp-content\/uploads\/2021\/05\/img_0205keld-fortaeller-1536x807.jpeg\" class=\"attachment-1536x1536 size-1536x1536 wp-image-1563\" alt=\"\" srcset=\"https:\/\/miritglas.com\/wp-content\/uploads\/2021\/05\/img_0205keld-fortaeller-1536x807.jpeg 1536w, https:\/\/miritglas.com\/wp-content\/uploads\/2021\/05\/img_0205keld-fortaeller-300x158.jpeg 300w, https:\/\/miritglas.com\/wp-content\/uploads\/2021\/05\/img_0205keld-fortaeller-1024x538.jpeg 1024w, https:\/\/miritglas.com\/wp-content\/uploads\/2021\/05\/img_0205keld-fortaeller-768x403.jpeg 768w, https:\/\/miritglas.com\/wp-content\/uploads\/2021\/05\/img_0205keld-fortaeller-2048x1076.jpeg 2048w\" sizes=\"(max-width: 1536px) 100vw, 1536px\" title=\"\">\t\t\t\t\t\t\t\t\t\t\t<figcaption class=\"widget-image-caption wp-caption-text\">Produktionschef Keld Lauridsen viser eleverne rundt hos Mirit Glas.<\/figcaption>\n\t\t\t\t\t\t\t\t\t\t<\/figure>\n\t\t\t\t\t\t\t\t\t<\/div>\n\t\t\t\t<\/div>\n\t\t\t\t<div class=\"elementor-element elementor-element-1055c33 elementor-widget elementor-widget-text-editor\" data-id=\"1055c33\" data-element_type=\"widget\" data-e-type=\"widget\" data-widget_type=\"text-editor.default\">\n\t\t\t\t<div class=\"elementor-widget-container\">\n\t\t\t\t\t\t\t\t\t<p>Spredningen af de vilde fr\u00f8 p\u00e5 det store grundstykke bag glasfabrikken er bare et af flere projekter, Mirit Glas har sat i gang i forbindelse FN\u2019s 17 verdensm\u00e5l. Det er et projekt, som Mirit Glas er g\u00e5et ind i sammen med 15 andre virksomheder fra Haderslev Kommune, p\u00e5 initiativ fra Haderslev Erhvervsr\u00e5d.<\/p>\t\t\t\t\t\t\t\t<\/div>\n\t\t\t\t<\/div>\n\t\t\t\t<div class=\"elementor-element elementor-element-9c266d3 elementor-widget elementor-widget-image\" data-id=\"9c266d3\" data-element_type=\"widget\" data-e-type=\"widget\" data-widget_type=\"image.default\">\n\t\t\t\t<div class=\"elementor-widget-container\">\n\t\t\t\t\t\t\t\t\t\t\t\t<figure class=\"wp-caption\">\n\t\t\t\t\t\t\t\t\t\t<img loading=\"lazy\" decoding=\"async\" width=\"1536\" height=\"807\" src=\"https:\/\/miritglas.com\/wp-content\/uploads\/2021\/05\/mirit-verdensmaal-bregnebjergskolen0328-red-oplaeg-1536x807.jpeg\" class=\"attachment-1536x1536 size-1536x1536 wp-image-1567\" alt=\"\" srcset=\"https:\/\/miritglas.com\/wp-content\/uploads\/2021\/05\/mirit-verdensmaal-bregnebjergskolen0328-red-oplaeg-1536x807.jpeg 1536w, https:\/\/miritglas.com\/wp-content\/uploads\/2021\/05\/mirit-verdensmaal-bregnebjergskolen0328-red-oplaeg-300x158.jpeg 300w, https:\/\/miritglas.com\/wp-content\/uploads\/2021\/05\/mirit-verdensmaal-bregnebjergskolen0328-red-oplaeg-1024x538.jpeg 1024w, https:\/\/miritglas.com\/wp-content\/uploads\/2021\/05\/mirit-verdensmaal-bregnebjergskolen0328-red-oplaeg-768x403.jpeg 768w, https:\/\/miritglas.com\/wp-content\/uploads\/2021\/05\/mirit-verdensmaal-bregnebjergskolen0328-red-oplaeg-2048x1076.jpeg 2048w\" sizes=\"(max-width: 1536px) 100vw, 1536px\" title=\"\">\t\t\t\t\t\t\t\t\t\t\t<figcaption class=\"widget-image-caption wp-caption-text\">6.C. havde lavet plancher p\u00e5 skolen, s\u00e5 de kunne freml\u00e6gge det arbejde, som de havde lavet omkring FN\u2019s 17 verdensm\u00e5l.<\/figcaption>\n\t\t\t\t\t\t\t\t\t\t<\/figure>\n\t\t\t\t\t\t\t\t\t<\/div>\n\t\t\t\t<\/div>\n\t\t\t\t<div class=\"elementor-element elementor-element-86ef6f1 elementor-widget elementor-widget-text-editor\" data-id=\"86ef6f1\" data-element_type=\"widget\" data-e-type=\"widget\" data-widget_type=\"text-editor.default\">\n\t\t\t\t<div class=\"elementor-widget-container\">\n\t\t\t\t\t\t\t\t\t<p><strong>Verdensm\u00e5l i \u00f8jenh\u00f8jde<\/strong><\/p><p>Under overskriften \u201dFra verdensm\u00e5l til hverdagsm\u00e5l\u201d har virksomhederne siden sommeren 2020 v\u00e6ret igennem et forl\u00f8b, der har sat fokus p\u00e5, hvordan de enkelte virksomheder kan st\u00f8tte op om verdensm\u00e5lene.<\/p>\t\t\t\t\t\t\t\t<\/div>\n\t\t\t\t<\/div>\n\t\t\t\t<div class=\"elementor-element elementor-element-4251fbc elementor-widget elementor-widget-image\" data-id=\"4251fbc\" data-element_type=\"widget\" data-e-type=\"widget\" data-widget_type=\"image.default\">\n\t\t\t\t<div class=\"elementor-widget-container\">\n\t\t\t\t\t\t\t\t\t\t\t\t<figure class=\"wp-caption\">\n\t\t\t\t\t\t\t\t\t\t<img loading=\"lazy\" decoding=\"async\" width=\"1536\" height=\"1032\" src=\"https:\/\/miritglas.com\/wp-content\/uploads\/2021\/05\/johan-simon-gartner-tvivlsom-kvalitet-1536x1032.jpg\" class=\"attachment-1536x1536 size-1536x1536 wp-image-1571\" alt=\"\" srcset=\"https:\/\/miritglas.com\/wp-content\/uploads\/2021\/05\/johan-simon-gartner-tvivlsom-kvalitet-1536x1032.jpg 1536w, https:\/\/miritglas.com\/wp-content\/uploads\/2021\/05\/johan-simon-gartner-tvivlsom-kvalitet-300x202.jpg 300w, https:\/\/miritglas.com\/wp-content\/uploads\/2021\/05\/johan-simon-gartner-tvivlsom-kvalitet-1024x688.jpg 1024w, https:\/\/miritglas.com\/wp-content\/uploads\/2021\/05\/johan-simon-gartner-tvivlsom-kvalitet-768x516.jpg 768w, https:\/\/miritglas.com\/wp-content\/uploads\/2021\/05\/johan-simon-gartner-tvivlsom-kvalitet-2048x1376.jpg 2048w\" sizes=\"(max-width: 1536px) 100vw, 1536px\" title=\"\">\t\t\t\t\t\t\t\t\t\t\t<figcaption class=\"widget-image-caption wp-caption-text\">Gartner Simon Dyhrfjeld og Johan Stenfeldt Hansen, salgsansvarlig og medejer af Mirit Glas, betragter 6.C., mens eleverne spreder fr\u00f8.<\/figcaption>\n\t\t\t\t\t\t\t\t\t\t<\/figure>\n\t\t\t\t\t\t\t\t\t<\/div>\n\t\t\t\t<\/div>\n\t\t\t\t<div class=\"elementor-element elementor-element-9f6cb95 elementor-widget elementor-widget-text-editor\" data-id=\"9f6cb95\" data-element_type=\"widget\" data-e-type=\"widget\" data-widget_type=\"text-editor.default\">\n\t\t\t\t<div class=\"elementor-widget-container\">\n\t\t\t\t\t\t\t\t\t<p>Udover at Mirit Glas omdanner grundstykket bag fabrikken til vild natur, arbejdes der aktivt med ni af de 17 verdensm\u00e5l. Det handler om alt fra bedre trivsel og uddannelse, til b\u00e6redygtig produktion og beskyttelse af milj\u00f8et.<\/p><p>Allerede i dag har Mirit Glas for eksempel flere medarbejder ansat i sk\u00e5nejob. Der er gang i et projekt med at udfase mange af de kemikalier, der bruges i produktionen af glas, og samtidig reducere omfanget af spild i produktionen.<\/p>\t\t\t\t\t\t\t\t<\/div>\n\t\t\t\t<\/div>\n\t\t\t\t<div class=\"elementor-element elementor-element-8293239 elementor-widget elementor-widget-image\" data-id=\"8293239\" data-element_type=\"widget\" data-e-type=\"widget\" data-widget_type=\"image.default\">\n\t\t\t\t<div class=\"elementor-widget-container\">\n\t\t\t\t\t\t\t\t\t\t\t\t<figure class=\"wp-caption\">\n\t\t\t\t\t\t\t\t\t\t<img loading=\"lazy\" decoding=\"async\" width=\"1536\" height=\"971\" src=\"https:\/\/miritglas.com\/wp-content\/uploads\/2021\/05\/johan-mundbind-fortaeller-1536x971.jpg\" class=\"attachment-1536x1536 size-1536x1536 wp-image-1587\" alt=\"\" srcset=\"https:\/\/miritglas.com\/wp-content\/uploads\/2021\/05\/johan-mundbind-fortaeller-1536x971.jpg 1536w, https:\/\/miritglas.com\/wp-content\/uploads\/2021\/05\/johan-mundbind-fortaeller-300x190.jpg 300w, https:\/\/miritglas.com\/wp-content\/uploads\/2021\/05\/johan-mundbind-fortaeller-1024x648.jpg 1024w, https:\/\/miritglas.com\/wp-content\/uploads\/2021\/05\/johan-mundbind-fortaeller-768x486.jpg 768w, https:\/\/miritglas.com\/wp-content\/uploads\/2021\/05\/johan-mundbind-fortaeller-2048x1295.jpg 2048w\" sizes=\"(max-width: 1536px) 100vw, 1536px\" title=\"\">\t\t\t\t\t\t\t\t\t\t\t<figcaption class=\"widget-image-caption wp-caption-text\">Johan Stenfeldt Hansen forklarer, hvordan Mirit Glas bruger robot og CNC-maskiner i glasproduktionen.<\/figcaption>\n\t\t\t\t\t\t\t\t\t\t<\/figure>\n\t\t\t\t\t\t\t\t\t<\/div>\n\t\t\t\t<\/div>\n\t\t\t\t<div class=\"elementor-element elementor-element-0e52e22 elementor-widget elementor-widget-text-editor\" data-id=\"0e52e22\" data-element_type=\"widget\" data-e-type=\"widget\" data-widget_type=\"text-editor.default\">\n\t\t\t\t<div class=\"elementor-widget-container\">\n\t\t\t\t\t\t\t\t\t<p>For Mirit Glas er det vigtigt, at arbejdet med FN\u2019s 17 verdensm\u00e5l foreg\u00e5r i \u00f8jenh\u00f8jde \u2013 b\u00e5de de sm\u00e5 og store projekter \u2013\u00a0 som for eksempel sortering af kaffegrums, der nu bruges til kompost.<\/p><p>\u201dVi tager verdensm\u00e5lene et skridt ad gangen. 6.C. har hjulpet os med at tage et fint skridt i dag\u201d, siger Johan Stenfeldt Hansen.<\/p>\t\t\t\t\t\t\t\t<\/div>\n\t\t\t\t<\/div>\n\t\t\t\t\t<\/div>\n\t\t\t\t<\/div>\n\t\t\t\t<\/div>\n\t\t","protected":false},"excerpt":{"rendered":"<p>Med bannere, der viste FN\u2019s 17 verdensm\u00e5l gik 6.C. i aktion for biodiversiteten. Eleverne tils\u00e5ede den nedpl\u00f8jede pl\u00e6ne bag Mirit Glas A\/S i Vojens, som fremover skal v\u00e6re hjemsted for en mangfoldighed af vilde planter, insekter og dyr. Der blev kastet til h\u00f8jre og venstre, da 22 b\u00f8rn fra Bregnbjergskolen i Vojens, spredte fr\u00f8 fra [&hellip;]<\/p>\n","protected":false},"author":1,"featured_media":0,"comment_status":"closed","ping_status":"closed","sticky":false,"template":"","format":"standard","meta":{"_acf_changed":false,"footnotes":""},"categories":[1],"tags":[],"class_list":["post-1548","post","type-post","status-publish","format-standard","hentry","category-nyheder"],"acf":[],"_links":{"self":[{"href":"https:\/\/miritglas.com\/da\/wp-json\/wp\/v2\/posts\/1548","targetHints":{"allow":["GET"]}}],"collection":[{"href":"https:\/\/miritglas.com\/da\/wp-json\/wp\/v2\/posts"}],"about":[{"href":"https:\/\/miritglas.com\/da\/wp-json\/wp\/v2\/types\/post"}],"author":[{"embeddable":true,"href":"https:\/\/miritglas.com\/da\/wp-json\/wp\/v2\/users\/1"}],"replies":[{"embeddable":true,"href":"https:\/\/miritglas.com\/da\/wp-json\/wp\/v2\/comments?post=1548"}],"version-history":[{"count":16,"href":"https:\/\/miritglas.com\/da\/wp-json\/wp\/v2\/posts\/1548\/revisions"}],"predecessor-version":[{"id":1593,"href":"https:\/\/miritglas.com\/da\/wp-json\/wp\/v2\/posts\/1548\/revisions\/1593"}],"wp:attachment":[{"href":"https:\/\/miritglas.com\/da\/wp-json\/wp\/v2\/media?parent=1548"}],"wp:term":[{"taxonomy":"category","embeddable":true,"href":"https:\/\/miritglas.com\/da\/wp-json\/wp\/v2\/categories?post=1548"},{"taxonomy":"post_tag","embeddable":true,"href":"https:\/\/miritglas.com\/da\/wp-json\/wp\/v2\/tags?post=1548"}],"curies":[{"name":"wp","href":"https:\/\/api.w.org\/{rel}","templated":true}]}}