{"id":1526,"date":"2021-04-23T16:11:42","date_gmt":"2021-04-23T14:11:42","guid":{"rendered":"https:\/\/miritglas.com\/?p=1526"},"modified":"2024-02-20T12:26:38","modified_gmt":"2024-02-20T11:26:38","slug":"mirit-glas-goer-verdensmaal-til-dagligdagsmaal","status":"publish","type":"post","link":"https:\/\/miritglas.com\/da\/nyheder\/mirit-glas-goer-verdensmaal-til-dagligdagsmaal\/","title":{"rendered":"Mirit Glas g\u00f8r verdensm\u00e5l til dagligdagsm\u00e5l"},"content":{"rendered":"\t\t<div data-elementor-type=\"wp-post\" data-elementor-id=\"1526\" class=\"elementor elementor-1526\" data-elementor-post-type=\"post\">\n\t\t\t\t<div class=\"elementor-element elementor-element-e5de924 e-flex e-con-boxed e-con e-parent\" data-id=\"e5de924\" data-element_type=\"container\" data-e-type=\"container\">\n\t\t\t\t\t<div class=\"e-con-inner\">\n\t\t\t\t<div class=\"elementor-element elementor-element-e3c9ce9 elementor-widget elementor-widget-text-editor\" data-id=\"e3c9ce9\" data-element_type=\"widget\" data-e-type=\"widget\" data-widget_type=\"text-editor.default\">\n\t\t\t\t<div class=\"elementor-widget-container\">\n\t\t\t\t\t\t\t\t\t<h4><strong>N\u00e5r Mirit Glas har besluttet at droppe gr\u00e6spl\u00e6nen og lade blomster og natur gro frit, er det en h\u00e5ndgribelig markering af, at firmaet st\u00f8tter op omkring FN\u2019s 17 verdensm\u00e5l.<\/strong><\/h4><p>Hvad kan vi g\u00f8re for at hj\u00e6lpe milj\u00f8et? Det var et af de sp\u00f8rgsm\u00e5l, som Mirit Glas\u2019 medarbejdere stillede sig selv, da firmaets produktionsafdeling i Vojens besluttede sig for at g\u00e5 helhjertet ind og st\u00f8tte\u00a0<a href=\"https:\/\/www.verdensmaalene.dk\/\" target=\"_blank\" rel=\"noopener\">FN\u2019s 17 verdensm\u00e5l<\/a>.<\/p><p>Sp\u00f8rgsm\u00e5let blev aktuelt i sommeren 2020.<\/p><p>Her fandt Mirit Glas sammen med 15 andre fremsynede s\u00f8nderjyske virksomheder i bestr\u00e6belserne p\u00e5 at st\u00f8tte op omkring FN\u2019s 17 verdensm\u00e5l.<\/p>\t\t\t\t\t\t\t\t<\/div>\n\t\t\t\t<\/div>\n\t\t\t\t<div class=\"elementor-element elementor-element-67dc90c elementor-widget elementor-widget-image\" data-id=\"67dc90c\" data-element_type=\"widget\" data-e-type=\"widget\" data-widget_type=\"image.default\">\n\t\t\t\t<div class=\"elementor-widget-container\">\n\t\t\t\t\t\t\t\t\t\t\t\t<figure class=\"wp-caption\">\n\t\t\t\t\t\t\t\t\t\t<img fetchpriority=\"high\" decoding=\"async\" width=\"1536\" height=\"806\" src=\"https:\/\/miritglas.com\/wp-content\/uploads\/2023\/08\/pernille-verdensmaal-nyhedsversion-1536x806.jpeg\" class=\"attachment-1536x1536 size-1536x1536 wp-image-1528\" alt=\"\" srcset=\"https:\/\/miritglas.com\/wp-content\/uploads\/2023\/08\/pernille-verdensmaal-nyhedsversion-1536x806.jpeg 1536w, https:\/\/miritglas.com\/wp-content\/uploads\/2023\/08\/pernille-verdensmaal-nyhedsversion-300x157.jpeg 300w, https:\/\/miritglas.com\/wp-content\/uploads\/2023\/08\/pernille-verdensmaal-nyhedsversion-1024x537.jpeg 1024w, https:\/\/miritglas.com\/wp-content\/uploads\/2023\/08\/pernille-verdensmaal-nyhedsversion-768x403.jpeg 768w, https:\/\/miritglas.com\/wp-content\/uploads\/2023\/08\/pernille-verdensmaal-nyhedsversion.jpeg 2008w\" sizes=\"(max-width: 1536px) 100vw, 1536px\" title=\"\">\t\t\t\t\t\t\t\t\t\t\t<figcaption class=\"widget-image-caption wp-caption-text\">Pernille st\u00e5r foran tavlen med FN\u2019s 17 verdensm\u00e5l og opm\u00e6rker de m\u00e5l, som Mirit Glas vil arbejde med.<\/figcaption>\n\t\t\t\t\t\t\t\t\t\t<\/figure>\n\t\t\t\t\t\t\t\t\t<\/div>\n\t\t\t\t<\/div>\n\t\t\t\t<div class=\"elementor-element elementor-element-c497c5d elementor-widget elementor-widget-text-editor\" data-id=\"c497c5d\" data-element_type=\"widget\" data-e-type=\"widget\" data-widget_type=\"text-editor.default\">\n\t\t\t\t<div class=\"elementor-widget-container\">\n\t\t\t\t\t\t\t\t\t<p>\u201dVi gik ind i det, fordi vi jo gerne vil v\u00e6re med til at v\u00e6rne om og forbedre milj\u00f8et\u201d, siger produktionsleder Keld Lauridsen, der st\u00e5r i spidsen for Mirit Glas\u2019 arbejdsindsats omkring FN\u2019s 17 verdensm\u00e5l.<\/p><p>Mirit Glas reagerede p\u00e5 et initiativ fra <a href=\"https:\/\/her.dk\/\" target=\"_blank\" rel=\"noopener\">Haderslev Erhvervsr\u00e5d<\/a>, som s\u00e5 perspektiver i, at lokale virksomheder \u2013 i tidens \u00e5nd \u2013 arbejdede seri\u00f8st med b\u00e6redygtighed.<\/p><p>If\u00f8lge chefkonsulent Jan Hyldal fra Haderslev Erhvervsr\u00e5d er baggrunden for initiativet, at forbrugere og erhvervskunder i h\u00f8jere grad har fokus p\u00e5 b\u00e6redygtighed og varernes oprindelse end tidligere.<\/p><p>\u201dVirksomhederne skal g\u00f8re sig klart, at det er noget man skal have fremadrettet fokus p\u00e5. Som virksomhed skal man have fokus p\u00e5, hvor man er i k\u00e6den, s\u00e5 man kan redeg\u00f8re for det. Det handler ogs\u00e5 om marketing. Vi skal fort\u00e6lle kunderne, at vi har styr p\u00e5 vores k\u00e6de og har fokus p\u00e5 b\u00e6redygtighed\u201d, fort\u00e6ller Jan Hyldal.<\/p><p>Han bem\u00e6rker ogs\u00e5, at et af form\u00e5lene med initiativet har v\u00e6ret at f\u00e5 verdensm\u00e5lene ned i \u00f8jenh\u00f8jde, s\u00e5 alle kan arbejde med dem.<\/p><p>Det er en tilgang Mirit Glas\u2019 administrerende direkt\u00f8r Jens Milbrat tilslutter sig.<\/p><p>\u201dDet er der sund fornuft i. For det giver mening for os at arbejde aktivt med flere af FN\u2019s verdensm\u00e5l. Vi m\u00e5 erkende, at vi ikke kan ramme dem alle sammen. Som den mindre virksomhed vi er \u2013 er vi n\u00f8dt til at plukke ud \u2013 der hvor det giver mening,\u201d siger han.<\/p><p>Mirit Glas arbejder i dag aktivt med ni af de 17 verdensm\u00e5l.<\/p><h4>Fjerner kemikalier og reducerer affald<\/h4><p>Jens Milbrat fort\u00e6ller, at Mirit Glas blandt andet har valgt at se p\u00e5 virksomhedens brug af kemikalier. I produktionen bruges kemikalier i forskellige processer. Det er for eksempel k\u00f8lemidler, sv\u00e6rte til silketryk og reng\u00f8rings- og sm\u00f8ringsmidler.<\/p>\t\t\t\t\t\t\t\t<\/div>\n\t\t\t\t<\/div>\n\t\t\t\t<div class=\"elementor-element elementor-element-edfc4a7 elementor-widget elementor-widget-image\" data-id=\"edfc4a7\" data-element_type=\"widget\" data-e-type=\"widget\" data-widget_type=\"image.default\">\n\t\t\t\t<div class=\"elementor-widget-container\">\n\t\t\t\t\t\t\t\t\t\t\t\t<figure class=\"wp-caption\">\n\t\t\t\t\t\t\t\t\t\t<img decoding=\"async\" src=\"https:\/\/miritglas.com\/wp-content\/uploads\/elementor\/thumbs\/kemikalier-qbdyoxz50m5rpmt2l9cd9i9gckkl20awgxvwo27wwo.jpg\" title=\"kemikalier\" alt=\"kemikalier\" loading=\"lazy\" \/>\t\t\t\t\t\t\t\t\t\t\t<figcaption class=\"widget-image-caption wp-caption-text\">Mirit-medarbejderen vurderer hvilke kemikalier, der kan fjernes fra Mirit Glas\u2019 produktion.<\/figcaption>\n\t\t\t\t\t\t\t\t\t\t<\/figure>\n\t\t\t\t\t\t\t\t\t<\/div>\n\t\t\t\t<\/div>\n\t\t\t\t<div class=\"elementor-element elementor-element-8411ba6 elementor-widget elementor-widget-text-editor\" data-id=\"8411ba6\" data-element_type=\"widget\" data-e-type=\"widget\" data-widget_type=\"text-editor.default\">\n\t\t\t\t<div class=\"elementor-widget-container\">\n\t\t\t\t\t\t\t\t\t<p>M\u00e5let for 2021 er, at udfase 20 procent af de kemikalier, der bruges i produktionen- enten ved helt at fjerne dem, eller ved at erstatte dem med milj\u00f8rigtige alternativer.<\/p><p>Forel\u00f8bigt har det v\u00e6ret en stor succes, da det allerede er lykkedes at fjerne 24 kemikalier. Delm\u00e5let for hele 2021 er, at udfase 32 kemikalier.<\/p><p>Der arbejdes ogs\u00e5 p\u00e5, at rense og genbruge spildevand. Arbejdet med at reducere affaldsm\u00e6ngden er ogs\u00e5 p\u00e5 fuld blus. Der er etableret kompost til kaffefiltre og kaffegrums, ligesom der arbejdes med at g\u00f8re emballagen mere milj\u00f8venlig. Det er omr\u00e5der Mirit Glas allerede i forvejen har v\u00e6ret opm\u00e6rksom p\u00e5.<\/p><p>\u201dDerfor giver det ekstra god mening for os. De 17 verdensm\u00e5l er godt v\u00e6rkt\u00f8j til en proces vi allerede er i gang med\u201d, sl\u00e5r Jens Milbrat fast.<\/p><p>Det er produktionsleder Keld Lauridsen, der har ansvaret for at udm\u00f8nte de 17 verdensm\u00e5l til praksis hos Mirit Glas. Sammen med en medarbejder koordinerer han indsatsen.<\/p><p>\u201dVi har fra starten valgt, at involvere vores medarbejdere i projektet. Vi er to, der har hovedansvaret, men vores kollegaer hj\u00e6lper til hvor de kan\u201d, fort\u00e6ller Keld Lauritsen.<\/p><p>Han understreger, at arbejdet med de 17 verdensm\u00e5l er en l\u00f8bende proces, som dog allerede har haft en effekt. Og det er han glad for, da det skaber en st\u00f8rre opbakning til projektet.<\/p><p>\u201dDet g\u00f8r jo bestemt heller ikke noget, at vi kan se, at det ogs\u00e5 kommer til at give plus p\u00e5 bundlinjen\u201d, siger Keld Lauridsen, der l\u00e6gger v\u00e6gt p\u00e5, at det er vigtigt at medarbejderne f\u00f8ler de g\u00f8r en forskel.<\/p><p>\u201dVi har fra starten valgt at involvere vores medarbejdere i projektet. Vi er to, der har hovedansvaret, men vores kollegaer hj\u00e6lper til hvor de kan.\u201d<\/p><p>Blandt de projekter, som medarbejderne har hjulpet med til, er reducering af forbruget af kemikalier b\u00e5de i produktionen og i forbindelse med reng\u00f8ring.<\/p><p>\u201dVi har f\u00e5et \u00f8jnene op for, at nogle produkter er bedre end andre. Vi er g\u00e5et i gang med at fjerne de mest farlige produkter, og reducere antallet af kemikalier. Vi er blevet enige om at reducere antallet af farlige produkter vi bruger med 20 procent. Det blev n\u00e6sten n\u00e5et ved 14 dages arbejde\u201d, fort\u00e6ller Keld Lauridsen.<\/p><p>Biodiversitet er ogs\u00e5 et m\u00e5l, som Mirit Glas arbejder for. I forbindelse med udvidelsen af fabrikken i Vojens m\u00e5tte Mirit Glas fjerne nogle tr\u00e6er. I stedet for at plante gr\u00e6s, hvor tr\u00e6erne havde st\u00e5et blev det besluttet, at omr\u00e5det skal beplantes med vilde planter i stedet. Blandt andet med hj\u00e6lp fra skoleelever fra en lokal skole.<\/p><p>\u201dVi kom p\u00e5 id\u00e9en, at invitere skoleb\u00f8rn, der arbejder med de 17 verdensm\u00e5l i skolen, til kunne hj\u00e6lpe os med at plante grundstykket til med vilde planter i stedet for at vi gjorde det til en gr\u00e6spl\u00e6ne\u201d, fort\u00e6ller direkt\u00f8r Jens Milbrat.<\/p><p>Han ser arbejdet med verdensm\u00e5lene, som en m\u00e5de at vise ansvar og g\u00f8re Mirit Glas til en bedre arbejdsplads.<\/p><p>\u201d Vi bilder os ogs\u00e5 ind, at medarbejderne l\u00e6gger v\u00e6gt p\u00e5 at arbejde et sted, hvor man opf\u00f8rer sig ordentlig. Det er de 17 verdensm\u00e5l et udtryk for. Det har en v\u00e6rdi for os\u201d, afslutter administrerende direkt\u00f8r for Mirit Glas, Jens Milbrat.<\/p>\t\t\t\t\t\t\t\t<\/div>\n\t\t\t\t<\/div>\n\t\t\t\t\t<\/div>\n\t\t\t\t<\/div>\n\t\t\t\t<\/div>\n\t\t","protected":false},"excerpt":{"rendered":"<p>N\u00e5r Mirit Glas har besluttet at droppe gr\u00e6spl\u00e6nen og lade blomster og natur gro frit, er det en h\u00e5ndgribelig markering af, at firmaet st\u00f8tter op omkring FN\u2019s 17 verdensm\u00e5l. Hvad kan vi g\u00f8re for at hj\u00e6lpe milj\u00f8et? Det var et af de sp\u00f8rgsm\u00e5l, som Mirit Glas\u2019 medarbejdere stillede sig selv, da firmaets produktionsafdeling i Vojens [&hellip;]<\/p>\n","protected":false},"author":1,"featured_media":0,"comment_status":"closed","ping_status":"closed","sticky":false,"template":"","format":"standard","meta":{"_acf_changed":false,"footnotes":""},"categories":[1],"tags":[],"class_list":["post-1526","post","type-post","status-publish","format-standard","hentry","category-nyheder"],"acf":[],"_links":{"self":[{"href":"https:\/\/miritglas.com\/da\/wp-json\/wp\/v2\/posts\/1526","targetHints":{"allow":["GET"]}}],"collection":[{"href":"https:\/\/miritglas.com\/da\/wp-json\/wp\/v2\/posts"}],"about":[{"href":"https:\/\/miritglas.com\/da\/wp-json\/wp\/v2\/types\/post"}],"author":[{"embeddable":true,"href":"https:\/\/miritglas.com\/da\/wp-json\/wp\/v2\/users\/1"}],"replies":[{"embeddable":true,"href":"https:\/\/miritglas.com\/da\/wp-json\/wp\/v2\/comments?post=1526"}],"version-history":[{"count":16,"href":"https:\/\/miritglas.com\/da\/wp-json\/wp\/v2\/posts\/1526\/revisions"}],"predecessor-version":[{"id":4472,"href":"https:\/\/miritglas.com\/da\/wp-json\/wp\/v2\/posts\/1526\/revisions\/4472"}],"wp:attachment":[{"href":"https:\/\/miritglas.com\/da\/wp-json\/wp\/v2\/media?parent=1526"}],"wp:term":[{"taxonomy":"category","embeddable":true,"href":"https:\/\/miritglas.com\/da\/wp-json\/wp\/v2\/categories?post=1526"},{"taxonomy":"post_tag","embeddable":true,"href":"https:\/\/miritglas.com\/da\/wp-json\/wp\/v2\/tags?post=1526"}],"curies":[{"name":"wp","href":"https:\/\/api.w.org\/{rel}","templated":true}]}}