{"id":1400,"date":"2019-06-18T14:38:48","date_gmt":"2019-06-18T12:38:48","guid":{"rendered":"https:\/\/miritglas.com\/?p=1400"},"modified":"2024-02-20T12:19:42","modified_gmt":"2024-02-20T11:19:42","slug":"mirit-glas-satser-stort-paa-efter-og-videreuddannelse","status":"publish","type":"post","link":"https:\/\/miritglas.com\/da\/nyheder\/mirit-glas-satser-stort-paa-efter-og-videreuddannelse\/","title":{"rendered":"Mirit Glas satser stort p\u00e5 efter- og videreuddannelse"},"content":{"rendered":"\t\t<div data-elementor-type=\"wp-post\" data-elementor-id=\"1400\" class=\"elementor elementor-1400\" data-elementor-post-type=\"post\">\n\t\t\t\t<div class=\"elementor-element elementor-element-0653a38 e-flex e-con-boxed e-con e-parent\" data-id=\"0653a38\" data-element_type=\"container\" data-e-type=\"container\">\n\t\t\t\t\t<div class=\"e-con-inner\">\n\t\t\t\t<div class=\"elementor-element elementor-element-36e8df6 elementor-widget elementor-widget-text-editor\" data-id=\"36e8df6\" data-element_type=\"widget\" data-e-type=\"widget\" data-widget_type=\"text-editor.default\">\n\t\t\t\t<div class=\"elementor-widget-container\">\n\t\t\t\t\t\t\t\t\t<h4>Mirit Glas har f\u00e5et et klarere syn p\u00e5 uddannelse<\/h4><p><em><strong>[Denne nyhed er fra 2018 og projektet &#8220;Fremtidens Arbejdskraft&#8221; eksisterer ikke l\u00e6ngere]<\/strong><\/em><\/p><p>Produktionschef Keld Lauridsen er i spidsen for ni medarbejdere i Vojens og m\u00e6rker, at kunder inden for olie- og gasindustrien, medicinalindustrien og andre brancher stiller stigende krav til dokumentation, b\u00e5de n\u00e5r det g\u00e6lder produkternes kvalitet og medarbejdernes kompetencer.<\/p><p>Det satte tanker i gang i en virksomhed, der indtil 2015 ikke havde haft for vane at sende medarbejdere p\u00e5 kurser og efteruddannelse, men det \u00e6ndrede sig, og siden er virksomheden blevet k\u00e5ret b\u00e5de lokalt og nationalt for deres efteruddannelsesindsats. Mirit Glas deltager nu i udviklingsprojektet Fremtidens Arbejdskraft, hvis form\u00e5l er at styrke uddannelsesniveauet i sm\u00e5 og mellemstore virksomheder i Region Syddanmark. Projektets m\u00e5l er at l\u00f8fte ufagl\u00e6rte til fagl\u00e6rt niveau og at videreuddanne fagl\u00e6rte til akademiniveau.<\/p>\t\t\t\t\t\t\t\t<\/div>\n\t\t\t\t<\/div>\n\t\t\t\t<div class=\"elementor-element elementor-element-36144df elementor-widget elementor-widget-video\" data-id=\"36144df\" data-element_type=\"widget\" data-e-type=\"widget\" data-settings=\"{&quot;youtube_url&quot;:&quot;https:\\\/\\\/www.youtube.com\\\/watch?v=QUAXefP6ldk&quot;,&quot;show_image_overlay&quot;:&quot;yes&quot;,&quot;image_overlay&quot;:{&quot;url&quot;:&quot;https:\\\/\\\/miritglas.com\\\/wp-content\\\/uploads\\\/2023\\\/08\\\/QUAXefP6ldk.jpeg&quot;,&quot;id&quot;:1402,&quot;size&quot;:&quot;&quot;,&quot;alt&quot;:&quot;&quot;,&quot;source&quot;:&quot;library&quot;},&quot;video_type&quot;:&quot;youtube&quot;,&quot;controls&quot;:&quot;yes&quot;}\" data-widget_type=\"video.default\">\n\t\t\t\t<div class=\"elementor-widget-container\">\n\t\t\t\t\t\t\t<div class=\"elementor-wrapper elementor-open-inline\">\n\t\t\t<div class=\"elementor-video\"><\/div>\t\t\t\t<div class=\"elementor-custom-embed-image-overlay\" style=\"background-image: url(https:\/\/miritglas.com\/wp-content\/uploads\/2023\/08\/QUAXefP6ldk.jpeg);\">\n\t\t\t\t\t\t\t\t\t\t\t\t\t\t\t\t<div class=\"elementor-custom-embed-play\" role=\"button\" aria-label=\"Afspil video\" tabindex=\"0\">\n\t\t\t\t\t\t\t<svg aria-hidden=\"true\" class=\"e-font-icon-svg e-eicon-play\" viewBox=\"0 0 1000 1000\" xmlns=\"http:\/\/www.w3.org\/2000\/svg\"><path d=\"M838 162C746 71 633 25 500 25 371 25 258 71 163 162 71 254 25 367 25 500 25 633 71 746 163 837 254 929 367 979 500 979 633 979 746 933 838 837 929 746 975 633 975 500 975 367 929 254 838 162M808 192C892 279 933 379 933 500 933 621 892 725 808 808 725 892 621 938 500 938 379 938 279 896 196 808 113 725 67 621 67 500 67 379 108 279 196 192 279 108 383 62 500 62 621 62 721 108 808 192M438 392V642L642 517 438 392Z\"><\/path><\/svg>\t\t\t\t\t\t<\/div>\n\t\t\t\t\t\t\t\t\t<\/div>\n\t\t\t\t\t<\/div>\n\t\t\t\t\t\t<\/div>\n\t\t\t\t<\/div>\n\t\t\t\t<div class=\"elementor-element elementor-element-09ef1bf elementor-widget elementor-widget-text-editor\" data-id=\"09ef1bf\" data-element_type=\"widget\" data-e-type=\"widget\" data-widget_type=\"text-editor.default\">\n\t\t\t\t<div class=\"elementor-widget-container\">\n\t\t\t\t\t\t\t\t\t<h4>Kompetenceafklaring<\/h4><p>Som led i projektet var alle medarbejdere igennem en kompetenceafklaring i 2015, og den blev gentaget i for\u00e5ret 2018, da fem nye medarbejdere var kommet til. Resultatet blev, at tre medarbejdere begyndte p\u00e5 en akademiuddannelse, og en blev voksenl\u00e6rling.<\/p><p>En l\u00e6re af Fremtidens Arbejdskraft er, at det er en god id\u00e9 at fastholde medarbejdere med erfaring og l\u00f8bende bygge viden p\u00e5 med efteruddannelse. Da Mirit Glas for nylig fors\u00f8gte at finde en kvalificeret medarbejder, havde blot to af 270 ans\u00f8gere relevante kompetencer inden for CNC-styrede maskiner.<\/p><p>Du kan ogs\u00e5 l\u00e6se mere om Mirit Glas og vores historie ved at klikke herunder.<\/p>\t\t\t\t\t\t\t\t<\/div>\n\t\t\t\t<\/div>\n\t\t\t\t<div class=\"elementor-element elementor-element-ff9dbc9 elementor-widget elementor-widget-button\" data-id=\"ff9dbc9\" data-element_type=\"widget\" data-e-type=\"widget\" data-widget_type=\"button.default\">\n\t\t\t\t<div class=\"elementor-widget-container\">\n\t\t\t\t\t\t\t\t\t<div class=\"elementor-button-wrapper\">\n\t\t\t\t\t<a class=\"elementor-button elementor-button-link elementor-size-md\" href=\"https:\/\/miritglas.com\/da\/kontakt-os\/\">\n\t\t\t\t\t\t<span class=\"elementor-button-content-wrapper\">\n\t\t\t\t\t\t\t\t\t<span class=\"elementor-button-text\">Kontakt os i dag<\/span>\n\t\t\t\t\t<\/span>\n\t\t\t\t\t<\/a>\n\t\t\t\t<\/div>\n\t\t\t\t\t\t\t\t<\/div>\n\t\t\t\t<\/div>\n\t\t\t\t\t<\/div>\n\t\t\t\t<\/div>\n\t\t\t\t<\/div>\n\t\t","protected":false},"excerpt":{"rendered":"<p>Mirit Glas har f\u00e5et et klarere syn p\u00e5 uddannelse [Denne nyhed er fra 2018 og projektet &#8220;Fremtidens Arbejdskraft&#8221; eksisterer ikke l\u00e6ngere] Produktionschef Keld Lauridsen er i spidsen for ni medarbejdere i Vojens og m\u00e6rker, at kunder inden for olie- og gasindustrien, medicinalindustrien og andre brancher stiller stigende krav til dokumentation, b\u00e5de n\u00e5r det g\u00e6lder produkternes [&hellip;]<\/p>\n","protected":false},"author":1,"featured_media":0,"comment_status":"closed","ping_status":"closed","sticky":false,"template":"","format":"standard","meta":{"_acf_changed":false,"footnotes":""},"categories":[1],"tags":[],"class_list":["post-1400","post","type-post","status-publish","format-standard","hentry","category-nyheder"],"acf":[],"_links":{"self":[{"href":"https:\/\/miritglas.com\/da\/wp-json\/wp\/v2\/posts\/1400","targetHints":{"allow":["GET"]}}],"collection":[{"href":"https:\/\/miritglas.com\/da\/wp-json\/wp\/v2\/posts"}],"about":[{"href":"https:\/\/miritglas.com\/da\/wp-json\/wp\/v2\/types\/post"}],"author":[{"embeddable":true,"href":"https:\/\/miritglas.com\/da\/wp-json\/wp\/v2\/users\/1"}],"replies":[{"embeddable":true,"href":"https:\/\/miritglas.com\/da\/wp-json\/wp\/v2\/comments?post=1400"}],"version-history":[{"count":10,"href":"https:\/\/miritglas.com\/da\/wp-json\/wp\/v2\/posts\/1400\/revisions"}],"predecessor-version":[{"id":4467,"href":"https:\/\/miritglas.com\/da\/wp-json\/wp\/v2\/posts\/1400\/revisions\/4467"}],"wp:attachment":[{"href":"https:\/\/miritglas.com\/da\/wp-json\/wp\/v2\/media?parent=1400"}],"wp:term":[{"taxonomy":"category","embeddable":true,"href":"https:\/\/miritglas.com\/da\/wp-json\/wp\/v2\/categories?post=1400"},{"taxonomy":"post_tag","embeddable":true,"href":"https:\/\/miritglas.com\/da\/wp-json\/wp\/v2\/tags?post=1400"}],"curies":[{"name":"wp","href":"https:\/\/api.w.org\/{rel}","templated":true}]}}